{"id":49135,"date":"2017-06-26T20:42:30","date_gmt":"2017-06-27T01:42:30","guid":{"rendered":"http:\/\/lamendigapolitica.com\/blog\/?p=49135"},"modified":"2017-06-26T20:42:30","modified_gmt":"2017-06-27T01:42:30","slug":"convocatoria-para-la-integracion-del-primer-consejo-consultivo-para-la-proteccion-de-personas-defensoras-de-derechos-humanos-y-periodistas-del-estado-de-jalisco","status":"publish","type":"post","link":"https:\/\/lamendigapolitica.com\/?p=49135","title":{"rendered":"Convocatoria para la integraci\u00f3n del primer Consejo Consultivo para la Protecci\u00f3n de Personas Defensoras de Derechos Humanos y Periodistas del Estado de Jalisco"},"content":{"rendered":"<p><a href=\"https:\/\/lamendigapolitica.com\/blog\/blog\/wp-content\/uploads\/2017\/06\/periodistas_mexico.jpg\" rel=\"attachment wp-att-49136\"><img loading=\"lazy\" decoding=\"async\" class=\"aligncenter size-full wp-image-49136\" src=\"https:\/\/lamendigapolitica.com\/blog\/blog\/wp-content\/uploads\/2017\/06\/periodistas_mexico.jpg\" alt=\"periodistas_mexico\" width=\"500\" height=\"333\" srcset=\"https:\/\/lamendigapolitica.com\/wp-content\/uploads\/2017\/06\/periodistas_mexico.jpg 500w, https:\/\/lamendigapolitica.com\/wp-content\/uploads\/2017\/06\/periodistas_mexico-300x200.jpg 300w\" sizes=\"auto, (max-width: 500px) 100vw, 500px\" \/><\/a><\/p>\n<p>Mediante acuerdo emitido por la Direcci\u00f3n General de Estudios Legislativos y Acuerdos Gubernamentales ACU 24\/2017, Roberto L\u00f3pez Lara, Secretario General de Gobierno del Estado de Jalisco emite la convocatoria para la elecci\u00f3n de los integrantes del Consejo Consultivo previsto por la Ley para la Protecci\u00f3n de Personas Defensoras de Derechos Humanos y Periodistas del Estado de Jalisco.<\/p>\n<div>\n<p class=\"x_MsoNormal\"><span lang=\"ES-TRAD\">La convocatoria estipula el nombramiento de nueve personas que fungir\u00e1n como consejeros por un periodo de cuatro a\u00f1os, as\u00ed como sus respectivos suplentes; como lo refiere el articulo 52 de la Ley en menci\u00f3n.<\/span><span lang=\"ES-TRAD\">\u00a0<\/span><\/p>\n<p class=\"x_MsoNormal\"><span lang=\"ES-TRAD\">El primer Consejo Consultivo ser\u00e1 integrado por tres plazas expertas en la defensa de los derechos humanos; tres expertas en libertad de expresi\u00f3n o periodistas y tres acad\u00e9micos de acuerdo a las siguientes bases y requisitos:<\/span><span lang=\"ES-TRAD\">\u00a0<\/span><\/p>\n<p class=\"x_MsoNormal\"><span lang=\"ES-TRAD\">I. Ser personas expertas en la defensa de los derechos humanos, la libertad de expresi\u00f3n, el periodismo o academia en la materia;<\/span><\/p>\n<p class=\"x_MsoNormal\"><span lang=\"ES-TRAD\">II. Residir en Jalisco o acreditar que realiza su actividad profesional en el Estado;<\/span><\/p>\n<p class=\"x_MsoNormal\"><span lang=\"ES-TRAD\">III. Ser mayor de 18 a\u00f1os;<\/span><\/p>\n<p class=\"x_MsoNormal\"><span lang=\"ES-TRAD\">Las personas interesadas en participar en el proceso de selecci\u00f3n deber\u00e1n presentar una carta de exposici\u00f3n de motivos con una extensi\u00f3n no mayor a dos cuartillas, en donde se manifieste:<\/span><span lang=\"ES-TRAD\">\u00a0<\/span><\/p>\n<p class=\"x_MsoNormal\"><span lang=\"ES-TRAD\">a) Su voluntad de participar en el proceso de selecci\u00f3n;<\/span><\/p>\n<p class=\"x_MsoNormal\"><span lang=\"ES-TRAD\">b) Las razones por las que desea formar parte del Consejo Consultivo;<\/span><\/p>\n<p class=\"x_MsoNormal\"><span lang=\"ES-TRAD\">c) Describir su experiencia relevante en el campo de la evaluaci\u00f3n de riesgo o en la protecci\u00f3n a personas defensoras de derechos humanos y periodistas, y<\/span><\/p>\n<p class=\"x_MsoNormal\"><span lang=\"ES-TRAD\">d) Expresar como su experiencia previa le brinda la capacidad y efectividad para contribuir al Consejo Consultivo.<\/span><span lang=\"ES-TRAD\">\u00a0<\/span><\/p>\n<p class=\"x_MsoNormal\"><span lang=\"ES-TRAD\">Asimismo deber\u00e1n presentar perfil curricular firmado con los documentos que respalda su experiencia en el ejercicio de defensa o promoci\u00f3n de derechos humanos o del ejercicio del periodismo o la libertad de expresi\u00f3n, y su experiencia en el campo de la evaluaci\u00f3n de riesgo o en la protecci\u00f3n de personas defensoras de derechos humanos o periodistas.<\/span><span lang=\"ES-TRAD\">\u00a0<\/span><\/p>\n<p class=\"x_MsoNormal\"><span lang=\"ES-TRAD\">Anexar tres cartas de recomendaci\u00f3n y comprobar su residencia en Jalisco o acreditar que realiza sus actividades en el Estado.<\/span><\/p>\n<p class=\"x_MsoNormal\"><span lang=\"ES-TRAD\">Los candidatos al momento de presentar su propuesta y durante el ejercicio del cargo, no deber\u00e1n desempe\u00f1ar ning\u00fan cargo como servidor p\u00fablico y tendr\u00e1n la posibilidad de reelegirse por un periodo consecutivo.<\/span><\/p>\n<p class=\"x_MsoNormal\"><span lang=\"ES-TRAD\">La participaci\u00f3n en el Consejo Consultivo es de car\u00e1cter honor\u00edfico y estar\u00e1n sujetos a las obligaciones que disponen las leyes en materia de responsabilidades y de transparencia.<\/span><\/p>\n<p class=\"x_MsoNormal\"><span lang=\"ES-TRAD\">Las y los interesadas deber\u00e1n hacer llegar a la oficial\u00eda de partes de la Secretar\u00eda General de Gobierno del Estado de Jalisco, ubicada en la calle Ram\u00f3n Corona, n\u00famero 31, Palacio de Gobierno, col. Centro, Guadalajara, Jalisco, los documentos requeridos, dentro del plazo del d\u00eda veintitr\u00e9s de junio de dos mil diecisiete al treinta de junio del a\u00f1o en curso.<\/span><\/p>\n<p class=\"x_MsoNormal\"><span lang=\"ES-TRAD\">Al cierre de esta convocatoria la Secretar\u00eda General de Gobierno del Estado de Jalisco confirmar\u00e1 que los expedientes est\u00e9n integrados seg\u00fan lo requerido y en un plazo no mayor a 5 d\u00edas h\u00e1biles, har\u00e1 p\u00fablica la lista de aquellos postulantes que al cierre de la convocatoria hayan cumplido con la entrega de documentaci\u00f3n requerida a quienes llamara a entrevistas y comunicar\u00e1 por correo electr\u00f3nico a las personas no seleccionadas los motivos de esta determinaci\u00f3n.<\/span><span lang=\"ES-TRAD\">\u00a0<\/span><\/p>\n<p class=\"x_MsoNormal\"><span lang=\"ES-TRAD\">Una vez que se cuente con la lista de las personas seleccionadas, la Secretar\u00eda General de Gobierno instalar\u00e1 el Consejo Consultivo en un t\u00e9rmino no mayor a diez d\u00edas h\u00e1biles.<\/span><span lang=\"ES-TRAD\">\u00a0<\/span><\/p>\n<p class=\"x_MsoNormal\"><span lang=\"ES-TRAD\">El Secretario T\u00e9cnico de la Comisi\u00f3n Ejecutiva Estatal de Atenci\u00f3n a V\u00edctimas, Krystian Felype Luis Navarro, ser\u00e1 el responsable del\u00a0 desahogo de\u00a0 las etapas procedimentales que prev\u00e9 la convocatoria.<\/span><\/p>\n<\/div>\n","protected":false},"excerpt":{"rendered":"<p>Mediante acuerdo emitido por la Direcci\u00f3n General de Estudios Legislativos y Acuerdos Gubernamentales ACU 24\/2017, Roberto L\u00f3pez Lara, Secretario General de Gobierno del Estado de Jalisco emite la convocatoria para la elecci\u00f3n de los integrantes del Consejo Consultivo previsto por la Ley para la Protecci\u00f3n de Personas Defensoras de Derechos Humanos y Periodistas del Estado &hellip; <\/p>\n<p><a class=\"more-link btn\" href=\"https:\/\/lamendigapolitica.com\/?p=49135\">Seguir leyendo<\/a><\/p>\n","protected":false},"author":1,"featured_media":0,"comment_status":"open","ping_status":"closed","sticky":false,"template":"","format":"standard","meta":{"footnotes":""},"categories":[20,37,5,3,27],"tags":[],"class_list":["post-49135","post","type-post","status-publish","format-standard","hentry","category-gobierno","category-nacional","category-partidos","category-politica","category-seguridad","item-wrap"],"_links":{"self":[{"href":"https:\/\/lamendigapolitica.com\/index.php?rest_route=\/wp\/v2\/posts\/49135","targetHints":{"allow":["GET"]}}],"collection":[{"href":"https:\/\/lamendigapolitica.com\/index.php?rest_route=\/wp\/v2\/posts"}],"about":[{"href":"https:\/\/lamendigapolitica.com\/index.php?rest_route=\/wp\/v2\/types\/post"}],"author":[{"embeddable":true,"href":"https:\/\/lamendigapolitica.com\/index.php?rest_route=\/wp\/v2\/users\/1"}],"replies":[{"embeddable":true,"href":"https:\/\/lamendigapolitica.com\/index.php?rest_route=%2Fwp%2Fv2%2Fcomments&post=49135"}],"version-history":[{"count":2,"href":"https:\/\/lamendigapolitica.com\/index.php?rest_route=\/wp\/v2\/posts\/49135\/revisions"}],"predecessor-version":[{"id":49138,"href":"https:\/\/lamendigapolitica.com\/index.php?rest_route=\/wp\/v2\/posts\/49135\/revisions\/49138"}],"wp:attachment":[{"href":"https:\/\/lamendigapolitica.com\/index.php?rest_route=%2Fwp%2Fv2%2Fmedia&parent=49135"}],"wp:term":[{"taxonomy":"category","embeddable":true,"href":"https:\/\/lamendigapolitica.com\/index.php?rest_route=%2Fwp%2Fv2%2Fcategories&post=49135"},{"taxonomy":"post_tag","embeddable":true,"href":"https:\/\/lamendigapolitica.com\/index.php?rest_route=%2Fwp%2Fv2%2Ftags&post=49135"}],"curies":[{"name":"wp","href":"https:\/\/api.w.org\/{rel}","templated":true}]}}