{"id":48997,"date":"2017-06-12T18:11:55","date_gmt":"2017-06-12T23:11:55","guid":{"rendered":"http:\/\/lamendigapolitica.com\/blog\/?p=48997"},"modified":"2017-06-12T18:11:55","modified_gmt":"2017-06-12T23:11:55","slug":"frente-de-la-gente-nuevo-partido-para-ex-gobernador-humberto-moreira-al-perder-eleccion","status":"publish","type":"post","link":"https:\/\/lamendigapolitica.com\/?p=48997","title":{"rendered":"Frente de la Gente, nuevo partido para ex gobernador Humberto Moreira al perder elecci\u00f3n"},"content":{"rendered":"<p><a href=\"https:\/\/lamendigapolitica.com\/blog\/blog\/wp-content\/uploads\/2017\/06\/03420be0e234483.jpg\" rel=\"attachment wp-att-48999\"><img loading=\"lazy\" decoding=\"async\" class=\"aligncenter size-medium wp-image-48999\" src=\"https:\/\/lamendigapolitica.com\/blog\/blog\/wp-content\/uploads\/2017\/06\/03420be0e234483-300x205.jpg\" alt=\"03420be0e234483\" width=\"300\" height=\"205\" \/><\/a><\/p>\n<p>Luego de no alcanzar una diputaci\u00f3n local, el exgobernador de Coahuila, Humberto Moreira Vald\u00e9s, anunci\u00f3 este lunes la creaci\u00f3n de un nuevo partido pol\u00edtico, llamado &#8216;Frente de la Gente&#8217;.<\/p>\n<p>\u00abSeguiremos trabajando, ahora en un frente democr\u00e1tico popular, el Frente de la Gente, un frente que estar\u00e1 siempre atento a quien m\u00e1s lo requiera, a la gente que est\u00e9 siempre al margen de las oportunidades y del desarrollo\u00bb, dijo en un v\u00eddeo publicado en Facebook.<\/p>\n<p>El ex presidente nacional del PRI agradeci\u00f3 el apoyo de simpatizantes al proyecto que intent\u00f3 con el Partido Joven, que no logr\u00f3 el 3 por ciento en la elecci\u00f3n del pasado 4 de junio, resultado que le dej\u00f3 sin la diputaci\u00f3n plurinominal que buscaba.<\/p>\n<p>El resultado del partido, adem\u00e1s de cerrarle la puerta para una diputaci\u00f3n plurinominal, tambi\u00e9n se tradujo en la desaparici\u00f3n del partido emergente que lo respald\u00f3 a sus aspiraciones pol\u00edticas.<\/p>\n","protected":false},"excerpt":{"rendered":"<p>Luego de no alcanzar una diputaci\u00f3n local, el exgobernador de Coahuila, Humberto Moreira Vald\u00e9s, anunci\u00f3 este lunes la creaci\u00f3n de un nuevo partido pol\u00edtico, llamado &#8216;Frente de la Gente&#8217;. \u00abSeguiremos trabajando, ahora en un frente democr\u00e1tico popular, el Frente de la Gente, un frente que estar\u00e1 siempre atento a quien m\u00e1s lo requiera, a la &hellip; <\/p>\n<p><a class=\"more-link btn\" href=\"https:\/\/lamendigapolitica.com\/?p=48997\">Seguir leyendo<\/a><\/p>\n","protected":false},"author":1,"featured_media":0,"comment_status":"open","ping_status":"closed","sticky":false,"template":"","format":"standard","meta":{"footnotes":""},"categories":[6,20,37,5,3,21],"tags":[],"class_list":["post-48997","post","type-post","status-publish","format-standard","hentry","category-congreso","category-gobierno","category-nacional","category-partidos","category-politica","category-religion","item-wrap"],"_links":{"self":[{"href":"https:\/\/lamendigapolitica.com\/index.php?rest_route=\/wp\/v2\/posts\/48997","targetHints":{"allow":["GET"]}}],"collection":[{"href":"https:\/\/lamendigapolitica.com\/index.php?rest_route=\/wp\/v2\/posts"}],"about":[{"href":"https:\/\/lamendigapolitica.com\/index.php?rest_route=\/wp\/v2\/types\/post"}],"author":[{"embeddable":true,"href":"https:\/\/lamendigapolitica.com\/index.php?rest_route=\/wp\/v2\/users\/1"}],"replies":[{"embeddable":true,"href":"https:\/\/lamendigapolitica.com\/index.php?rest_route=%2Fwp%2Fv2%2Fcomments&post=48997"}],"version-history":[{"count":2,"href":"https:\/\/lamendigapolitica.com\/index.php?rest_route=\/wp\/v2\/posts\/48997\/revisions"}],"predecessor-version":[{"id":49000,"href":"https:\/\/lamendigapolitica.com\/index.php?rest_route=\/wp\/v2\/posts\/48997\/revisions\/49000"}],"wp:attachment":[{"href":"https:\/\/lamendigapolitica.com\/index.php?rest_route=%2Fwp%2Fv2%2Fmedia&parent=48997"}],"wp:term":[{"taxonomy":"category","embeddable":true,"href":"https:\/\/lamendigapolitica.com\/index.php?rest_route=%2Fwp%2Fv2%2Fcategories&post=48997"},{"taxonomy":"post_tag","embeddable":true,"href":"https:\/\/lamendigapolitica.com\/index.php?rest_route=%2Fwp%2Fv2%2Ftags&post=48997"}],"curies":[{"name":"wp","href":"https:\/\/api.w.org\/{rel}","templated":true}]}}