{"id":48844,"date":"2017-05-31T15:59:57","date_gmt":"2017-05-31T20:59:57","guid":{"rendered":"http:\/\/lamendigapolitica.com\/blog\/?p=48844"},"modified":"2017-05-31T15:59:57","modified_gmt":"2017-05-31T20:59:57","slug":"el-puente-de-las-damas","status":"publish","type":"post","link":"https:\/\/lamendigapolitica.com\/?p=48844","title":{"rendered":"El Puente de las Damas"},"content":{"rendered":"<p><a href=\"https:\/\/lamendigapolitica.com\/blog\/blog\/wp-content\/uploads\/2017\/05\/jonadab-banner-1.jpg\" rel=\"attachment wp-att-48845\"><img loading=\"lazy\" decoding=\"async\" class=\"alignleft size-thumbnail wp-image-48845\" src=\"https:\/\/lamendigapolitica.com\/blog\/blog\/wp-content\/uploads\/2017\/05\/jonadab-banner-1-150x150.jpg\" alt=\"jonadab-banner\" width=\"150\" height=\"150\" \/><\/a><\/p>\n<h3><span style=\"color: #ff6600;\">POL\u00cdTICA SIN \u00c9TICA\/Jonadab Marrt\u00ednez<\/span><\/h3>\n<p>Debo confesar que cuando el Mtro. Enrique Ibarra me invit\u00f3 a la presentaci\u00f3n de su Libro \u201cEl puentes de las damas\u201d, me sent\u00ed honrado pero a la misma vez me sent\u00ed avergonzado porque no sab\u00eda de qu\u00e9 hablaba el libro ni su contexto, as\u00ed que me puse a investigar y lo que encontr\u00e9 fue algo muy m\u00ednimo en comparaci\u00f3n a la joya bibliogr\u00e1fica que redact\u00f3 muy bien el autor.<\/p>\n<p>Durante la presentaci\u00f3n de libro, de manera humilde, el Mtro. Ibarra reconoci\u00f3 no ser historiador ni investigador, sin embargo, el trabajo dedicado, la calidad del libro, la manera en que invita al lector a adentrarse a la historia y transportarse a la fundaci\u00f3n de Guadalajara, es majestuosa, lo hace de manera sutil y muy interesante.<\/p>\n<p>El libro narra detalladamente la historia de un puente que se edific\u00f3 para unir a dos partes de una ciudad: la habitada por poblaci\u00f3n criolla y mestiza, con su barrio m\u00e1s antiguo, Mexicaltzingo, habitado por mujeres y hombres pertenecientes a los pueblos originarios del pa\u00eds.<\/p>\n<p>Este barrio naci\u00f3 un d\u00eda despu\u00e9s de la fundaci\u00f3n de la ciudad, cuando el virrey Antonio de Mendoza autoriz\u00f3 a un grupo de mexicas que lo hab\u00edan acompa\u00f1ado en su campa\u00f1a por el occidente, establecerse en el lugar que fue nombrado como \u201cMexicaltzingo\u201d, vocablo que significa \u201clugar del peque\u00f1o caser\u00edo de los mexicanos\u201d.<\/p>\n<p>Es ah\u00ed donde se levantar\u00eda el \u201cPuente de las Damas\u201d. Su construcci\u00f3n, como se narra en el mismo libro, se hizo con la participaci\u00f3n activa de una comunidad interesada en la transformaci\u00f3n de la ciudad, en una \u00e9poca que fue clave para el desarrollo de Guadalajara.<\/p>\n<p>El Mtro. Ibarra destaca que: \u201cEsta fue la primera obra p\u00fablica de la historia de nuestra ciudad, que se levant\u00f3 gracias a la participaci\u00f3n ciudadana y al esfuerzo de un grupo organizado de mujeres tapat\u00edas, la \u201cCongregaci\u00f3n de Damas del Se\u00f1or de la Penitencia de Mexicaltzingo\u201d, que con la autorizaci\u00f3n de la jerarqu\u00eda eclesi\u00e1stica, reunieron los recursos necesarios para costear la construcci\u00f3n del puente. De ah\u00ed el nombre de \u201cPuente de las Damas\u201d.\u201d<\/p>\n<p>\u201cEllas tuvieron razones importantes para emprender su gran obra: durante los tiempos de lluvia no pod\u00edan asistir al templo de Mexicaltzingo, ya que este barrio se convert\u00eda en una isla por el caudal del R\u00edo del Arenal, que corre por lo que hoy es la Avenida La Paz y el R\u00edo de San Juan de Dios, en lo que hoy es la Calzada Independencia. Adem\u00e1s, las aguas imped\u00edan el paso de las trabajadoras y los trabajadores de este barrio, que realizaban sus labores en las casas y comercios del otro lado del r\u00edo.\u201d<\/p>\n<p>Sin lugar a dudas, para la \u00e9poca, el \u201cPuente de las Damas\u201d sirvi\u00f3 para unir a la gente de ambos lados del rio, y est\u00e1n importante conservar este ejemplo, como muestra de voluntariado, activismos, esfuerzo colectivo y solidaridad social, virtudes que toda ciudad debe conservar para el desarrollo y el crecimiento de cualquier metr\u00f3poli.<\/p>\n<p>En fin, el libro es una joya hist\u00f3rica, con un valor intangible y de sentimientos que invitan a investigar m\u00e1s sobre aquella Guadalajara que se a\u00f1ora hoy en d\u00eda, y a\u00fan m\u00e1s, en lo personal, me deja un buen sabor de boca: Saber que no soy el \u00fanico adoptado por esta hermosa ciudad, y que tambi\u00e9n celebro que la vida me haya tra\u00eddo aqu\u00ed, a la capital tapat\u00eda y seno de una luz que alumbra en todo el mundo.<\/p>\n<h3>Diputado federal por MC<\/h3>\n<h3>@jonadabmartinez<\/h3>\n","protected":false},"excerpt":{"rendered":"<p>POL\u00cdTICA SIN \u00c9TICA\/Jonadab Marrt\u00ednez Debo confesar que cuando el Mtro. Enrique Ibarra me invit\u00f3 a la presentaci\u00f3n de su Libro \u201cEl puentes de las damas\u201d, me sent\u00ed honrado pero a la misma vez me sent\u00ed avergonzado porque no sab\u00eda de qu\u00e9 hablaba el libro ni su contexto, as\u00ed que me puse a investigar y lo &hellip; <\/p>\n<p><a class=\"more-link btn\" href=\"https:\/\/lamendigapolitica.com\/?p=48844\">Seguir leyendo<\/a><\/p>\n","protected":false},"author":1,"featured_media":0,"comment_status":"open","ping_status":"closed","sticky":false,"template":"","format":"standard","meta":{"footnotes":""},"categories":[1,6,26,28,20,31,38,37,5,3],"tags":[],"class_list":["post-48844","post","type-post","status-publish","format-standard","hentry","category-columnista","category-congreso","category-cultura","category-educacion","category-gobierno","category-internacional","category-movilidad","category-nacional","category-partidos","category-politica","item-wrap"],"_links":{"self":[{"href":"https:\/\/lamendigapolitica.com\/index.php?rest_route=\/wp\/v2\/posts\/48844","targetHints":{"allow":["GET"]}}],"collection":[{"href":"https:\/\/lamendigapolitica.com\/index.php?rest_route=\/wp\/v2\/posts"}],"about":[{"href":"https:\/\/lamendigapolitica.com\/index.php?rest_route=\/wp\/v2\/types\/post"}],"author":[{"embeddable":true,"href":"https:\/\/lamendigapolitica.com\/index.php?rest_route=\/wp\/v2\/users\/1"}],"replies":[{"embeddable":true,"href":"https:\/\/lamendigapolitica.com\/index.php?rest_route=%2Fwp%2Fv2%2Fcomments&post=48844"}],"version-history":[{"count":1,"href":"https:\/\/lamendigapolitica.com\/index.php?rest_route=\/wp\/v2\/posts\/48844\/revisions"}],"predecessor-version":[{"id":48846,"href":"https:\/\/lamendigapolitica.com\/index.php?rest_route=\/wp\/v2\/posts\/48844\/revisions\/48846"}],"wp:attachment":[{"href":"https:\/\/lamendigapolitica.com\/index.php?rest_route=%2Fwp%2Fv2%2Fmedia&parent=48844"}],"wp:term":[{"taxonomy":"category","embeddable":true,"href":"https:\/\/lamendigapolitica.com\/index.php?rest_route=%2Fwp%2Fv2%2Fcategories&post=48844"},{"taxonomy":"post_tag","embeddable":true,"href":"https:\/\/lamendigapolitica.com\/index.php?rest_route=%2Fwp%2Fv2%2Ftags&post=48844"}],"curies":[{"name":"wp","href":"https:\/\/api.w.org\/{rel}","templated":true}]}}