{"id":48794,"date":"2017-05-27T17:08:13","date_gmt":"2017-05-27T22:08:13","guid":{"rendered":"http:\/\/lamendigapolitica.com\/blog\/?p=48794"},"modified":"2017-05-27T17:57:17","modified_gmt":"2017-05-27T22:57:17","slug":"nace-corriente-hagamos-en-el-prd-jalisco","status":"publish","type":"post","link":"https:\/\/lamendigapolitica.com\/?p=48794","title":{"rendered":"Nace corriente \u00abHagamos\u00bb en Jalisco"},"content":{"rendered":"<p style=\"text-align: left;\"><a href=\"https:\/\/lamendigapolitica.com\/blog\/blog\/wp-content\/uploads\/2017\/05\/IMG-20170527-WA0057.jpg\" rel=\"attachment wp-att-48795\"><img loading=\"lazy\" decoding=\"async\" class=\"aligncenter size-large wp-image-48795\" src=\"https:\/\/lamendigapolitica.com\/blog\/blog\/wp-content\/uploads\/2017\/05\/IMG-20170527-WA0057-1024x663.jpg\" alt=\"IMG-20170527-WA0057\" width=\"440\" height=\"285\" srcset=\"https:\/\/lamendigapolitica.com\/wp-content\/uploads\/2017\/05\/IMG-20170527-WA0057-1024x663.jpg 1024w, https:\/\/lamendigapolitica.com\/wp-content\/uploads\/2017\/05\/IMG-20170527-WA0057-300x194.jpg 300w, https:\/\/lamendigapolitica.com\/wp-content\/uploads\/2017\/05\/IMG-20170527-WA0057-768x497.jpg 768w, https:\/\/lamendigapolitica.com\/wp-content\/uploads\/2017\/05\/IMG-20170527-WA0057.jpg 1275w\" sizes=\"auto, (max-width: 440px) 100vw, 440px\" \/><\/a><\/p>\n<p>Este domingo ser\u00e1 presentada, en Jalisco la agrupaci\u00f3n llamada, \u00abHagamos\u00bb.<\/p>\n<p>Dicha corriente buscar\u00e1 la participaci\u00f3n activa de sus miembros en los temas sociales y pol\u00edticos del estado, para buscar alternativas de soluci\u00f3n a los diversos problemas que aquejan a los jaliscienses.<\/p>\n<p>Esta agrupaci\u00f3n estar\u00e1 encabezado por el ex diputado, Enrique Vel\u00e1zquez Gonz\u00e1lez y Mara Robles Villase\u00f1or.<\/p>\n","protected":false},"excerpt":{"rendered":"<p>Este domingo ser\u00e1 presentada, en Jalisco la agrupaci\u00f3n llamada, \u00abHagamos\u00bb. Dicha corriente buscar\u00e1 la participaci\u00f3n activa de sus miembros en los temas sociales y pol\u00edticos del estado, para buscar alternativas de soluci\u00f3n a los diversos problemas que aquejan a los jaliscienses. Esta agrupaci\u00f3n estar\u00e1 encabezado por el ex diputado, Enrique Vel\u00e1zquez Gonz\u00e1lez y Mara Robles &hellip; <\/p>\n<p><a class=\"more-link btn\" href=\"https:\/\/lamendigapolitica.com\/?p=48794\">Seguir leyendo<\/a><\/p>\n","protected":false},"author":1,"featured_media":0,"comment_status":"open","ping_status":"closed","sticky":false,"template":"","format":"standard","meta":{"footnotes":""},"categories":[20,5,3],"tags":[],"class_list":["post-48794","post","type-post","status-publish","format-standard","hentry","category-gobierno","category-partidos","category-politica","item-wrap"],"_links":{"self":[{"href":"https:\/\/lamendigapolitica.com\/index.php?rest_route=\/wp\/v2\/posts\/48794","targetHints":{"allow":["GET"]}}],"collection":[{"href":"https:\/\/lamendigapolitica.com\/index.php?rest_route=\/wp\/v2\/posts"}],"about":[{"href":"https:\/\/lamendigapolitica.com\/index.php?rest_route=\/wp\/v2\/types\/post"}],"author":[{"embeddable":true,"href":"https:\/\/lamendigapolitica.com\/index.php?rest_route=\/wp\/v2\/users\/1"}],"replies":[{"embeddable":true,"href":"https:\/\/lamendigapolitica.com\/index.php?rest_route=%2Fwp%2Fv2%2Fcomments&post=48794"}],"version-history":[{"count":4,"href":"https:\/\/lamendigapolitica.com\/index.php?rest_route=\/wp\/v2\/posts\/48794\/revisions"}],"predecessor-version":[{"id":48797,"href":"https:\/\/lamendigapolitica.com\/index.php?rest_route=\/wp\/v2\/posts\/48794\/revisions\/48797"}],"wp:attachment":[{"href":"https:\/\/lamendigapolitica.com\/index.php?rest_route=%2Fwp%2Fv2%2Fmedia&parent=48794"}],"wp:term":[{"taxonomy":"category","embeddable":true,"href":"https:\/\/lamendigapolitica.com\/index.php?rest_route=%2Fwp%2Fv2%2Fcategories&post=48794"},{"taxonomy":"post_tag","embeddable":true,"href":"https:\/\/lamendigapolitica.com\/index.php?rest_route=%2Fwp%2Fv2%2Ftags&post=48794"}],"curies":[{"name":"wp","href":"https:\/\/api.w.org\/{rel}","templated":true}]}}