{"id":48781,"date":"2017-05-25T21:09:35","date_gmt":"2017-05-26T02:09:35","guid":{"rendered":"http:\/\/lamendigapolitica.com\/blog\/?p=48781"},"modified":"2017-05-25T21:09:35","modified_gmt":"2017-05-26T02:09:35","slug":"agreden-a-amlo-a-huevazos","status":"publish","type":"post","link":"https:\/\/lamendigapolitica.com\/?p=48781","title":{"rendered":"Agreden a AMLO a huevazos"},"content":{"rendered":"<p><a href=\"https:\/\/lamendigapolitica.com\/blog\/blog\/wp-content\/uploads\/2017\/05\/am\u00f1o.jpg\" rel=\"attachment wp-att-48782\"><img loading=\"lazy\" decoding=\"async\" class=\"aligncenter size-full wp-image-48782\" src=\"https:\/\/lamendigapolitica.com\/blog\/blog\/wp-content\/uploads\/2017\/05\/am\u00f1o.jpg\" alt=\"am\u00f1o\" width=\"328\" height=\"430\" \/><\/a><\/p>\n<p>En un v\u00eddeo que se hizo viral en redes sociales, se da cuenta del incidente contra el l\u00edder del Partido MORENA, Andr\u00e9s Manuel L\u00f3pez Obrador durante un mit\u00edn en Huatusco, en el estado de Veracruz.<\/p>\n<p>El l\u00edder de Morena acus\u00f3 al gobernador de Veracruz, Miguel \u00c1ngel Yunes, y a la \u201cmafia del poder\u201d de este ataque.<\/p>\n<p>\u201cYa ves c\u00f3mo es Yunes, ya estoy acostumbrado a esto, ya llevo a\u00f1os aguantando a la mafia del poder, me han hasta descalabrado\u201d, dijo en entrevista radiof\u00f3nica con Jos\u00e9 C\u00e1rdenas.<\/p>\n<p>&nbsp;<\/p>\n<p>&nbsp;<\/p>\n<p>De acuerdo con reportes de medios locales, una mujer, presunta militante del Partido Revolucionario Institucional (PRI), fue la responsable de lanzar huevos en contra de L\u00f3pez Obrador y sus acompa\u00f1antes cuando \u00e9ste se retiraba del templete instalado en la plaza.<\/p>\n<p>La presunta agresora fue identificada como Beatriz Ramos, precandidata del tricolor de Coscomatepec e integrante de la CNC de Veracruz, quien tras hacerse de palabras con simpatizantes de Morena habr\u00eda decidido \u00abesconderse\u00bb en una iglesia local para evitar m\u00e1s desencuentros.<\/p>\n","protected":false},"excerpt":{"rendered":"<p>En un v\u00eddeo que se hizo viral en redes sociales, se da cuenta del incidente contra el l\u00edder del Partido MORENA, Andr\u00e9s Manuel L\u00f3pez Obrador durante un mit\u00edn en Huatusco, en el estado de Veracruz. El l\u00edder de Morena acus\u00f3 al gobernador de Veracruz, Miguel \u00c1ngel Yunes, y a la \u201cmafia del poder\u201d de este &hellip; <\/p>\n<p><a class=\"more-link btn\" href=\"https:\/\/lamendigapolitica.com\/?p=48781\">Seguir leyendo<\/a><\/p>\n","protected":false},"author":1,"featured_media":0,"comment_status":"open","ping_status":"closed","sticky":false,"template":"","format":"standard","meta":{"footnotes":""},"categories":[20,37,5,3],"tags":[],"class_list":["post-48781","post","type-post","status-publish","format-standard","hentry","category-gobierno","category-nacional","category-partidos","category-politica","item-wrap"],"_links":{"self":[{"href":"https:\/\/lamendigapolitica.com\/index.php?rest_route=\/wp\/v2\/posts\/48781","targetHints":{"allow":["GET"]}}],"collection":[{"href":"https:\/\/lamendigapolitica.com\/index.php?rest_route=\/wp\/v2\/posts"}],"about":[{"href":"https:\/\/lamendigapolitica.com\/index.php?rest_route=\/wp\/v2\/types\/post"}],"author":[{"embeddable":true,"href":"https:\/\/lamendigapolitica.com\/index.php?rest_route=\/wp\/v2\/users\/1"}],"replies":[{"embeddable":true,"href":"https:\/\/lamendigapolitica.com\/index.php?rest_route=%2Fwp%2Fv2%2Fcomments&post=48781"}],"version-history":[{"count":2,"href":"https:\/\/lamendigapolitica.com\/index.php?rest_route=\/wp\/v2\/posts\/48781\/revisions"}],"predecessor-version":[{"id":48784,"href":"https:\/\/lamendigapolitica.com\/index.php?rest_route=\/wp\/v2\/posts\/48781\/revisions\/48784"}],"wp:attachment":[{"href":"https:\/\/lamendigapolitica.com\/index.php?rest_route=%2Fwp%2Fv2%2Fmedia&parent=48781"}],"wp:term":[{"taxonomy":"category","embeddable":true,"href":"https:\/\/lamendigapolitica.com\/index.php?rest_route=%2Fwp%2Fv2%2Fcategories&post=48781"},{"taxonomy":"post_tag","embeddable":true,"href":"https:\/\/lamendigapolitica.com\/index.php?rest_route=%2Fwp%2Fv2%2Ftags&post=48781"}],"curies":[{"name":"wp","href":"https:\/\/api.w.org\/{rel}","templated":true}]}}