{"id":48311,"date":"2017-04-29T11:02:59","date_gmt":"2017-04-29T16:02:59","guid":{"rendered":"http:\/\/lamendigapolitica.com\/blog\/?p=48311"},"modified":"2017-04-29T11:03:14","modified_gmt":"2017-04-29T16:03:14","slug":"peru-expulsa-turistas-por-grafitiar-paredes","status":"publish","type":"post","link":"https:\/\/lamendigapolitica.com\/?p=48311","title":{"rendered":"Per\u00fa expulsa turistas por grafitiar paredes"},"content":{"rendered":"<p><a href=\"https:\/\/lamendigapolitica.com\/blog\/blog\/wp-content\/uploads\/2017\/04\/grafi.jpg\" rel=\"attachment wp-att-48312\"><img loading=\"lazy\" decoding=\"async\" class=\"aligncenter size-medium wp-image-48312\" src=\"https:\/\/lamendigapolitica.com\/blog\/blog\/wp-content\/uploads\/2017\/04\/grafi-300x169.jpg\" alt=\"grafi\" width=\"300\" height=\"169\" \/><\/a><\/p>\n<p>Tres uruguayos y una argentina fueron expulsados de Per\u00fa y sin derecho a retornar en los pr\u00f3ximos 15 a\u00f1os, por pintar grafitis en la ciudad de Cusco.<\/p>\n<p>Los turistas fueron detenidos este martes por la Polic\u00eda de la ciudad, y al d\u00eda siguiente, el 26 de abril, ya se estaba ejecutando su orden de salida a trav\u00e9s de la frontera con Bolivia, como lo inform\u00f3 la Superintendencia Nacional de Migraciones en un comunicado.<\/p>\n<p>Seg\u00fan la polic\u00eda, los extranjeros realizaron actividades que atentaron contra el orden p\u00fablico y el orden interno al realizar los grafitis. Y, seg\u00fan la nueva ley de Migraciones, esta es una causal de expulsi\u00f3n del pa\u00eds.<\/p>\n<p>Aunque no hubo una afectaci\u00f3n directa al patrimonio cultural y por lo tanto ese delito no se constituy\u00f3, como explic\u00f3 la Polic\u00eda, los turistas s\u00ed afectaron el orden en la ciudad: \u201cal alterar el entorno visual paisaj\u00edstico del \u00e1rea monumental, originaron el cuestionamiento de la poblaci\u00f3n en general\u201d, agreg\u00f3.<\/p>\n","protected":false},"excerpt":{"rendered":"<p>Tres uruguayos y una argentina fueron expulsados de Per\u00fa y sin derecho a retornar en los pr\u00f3ximos 15 a\u00f1os, por pintar grafitis en la ciudad de Cusco. Los turistas fueron detenidos este martes por la Polic\u00eda de la ciudad, y al d\u00eda siguiente, el 26 de abril, ya se estaba ejecutando su orden de salida &hellip; <\/p>\n<p><a class=\"more-link btn\" href=\"https:\/\/lamendigapolitica.com\/?p=48311\">Seguir leyendo<\/a><\/p>\n","protected":false},"author":1,"featured_media":0,"comment_status":"open","ping_status":"closed","sticky":false,"template":"","format":"standard","meta":{"footnotes":""},"categories":[26,20,31,22,24],"tags":[],"class_list":["post-48311","post","type-post","status-publish","format-standard","hentry","category-cultura","category-gobierno","category-internacional","category-sociales","category-turismo","item-wrap"],"_links":{"self":[{"href":"https:\/\/lamendigapolitica.com\/index.php?rest_route=\/wp\/v2\/posts\/48311","targetHints":{"allow":["GET"]}}],"collection":[{"href":"https:\/\/lamendigapolitica.com\/index.php?rest_route=\/wp\/v2\/posts"}],"about":[{"href":"https:\/\/lamendigapolitica.com\/index.php?rest_route=\/wp\/v2\/types\/post"}],"author":[{"embeddable":true,"href":"https:\/\/lamendigapolitica.com\/index.php?rest_route=\/wp\/v2\/users\/1"}],"replies":[{"embeddable":true,"href":"https:\/\/lamendigapolitica.com\/index.php?rest_route=%2Fwp%2Fv2%2Fcomments&post=48311"}],"version-history":[{"count":2,"href":"https:\/\/lamendigapolitica.com\/index.php?rest_route=\/wp\/v2\/posts\/48311\/revisions"}],"predecessor-version":[{"id":48314,"href":"https:\/\/lamendigapolitica.com\/index.php?rest_route=\/wp\/v2\/posts\/48311\/revisions\/48314"}],"wp:attachment":[{"href":"https:\/\/lamendigapolitica.com\/index.php?rest_route=%2Fwp%2Fv2%2Fmedia&parent=48311"}],"wp:term":[{"taxonomy":"category","embeddable":true,"href":"https:\/\/lamendigapolitica.com\/index.php?rest_route=%2Fwp%2Fv2%2Fcategories&post=48311"},{"taxonomy":"post_tag","embeddable":true,"href":"https:\/\/lamendigapolitica.com\/index.php?rest_route=%2Fwp%2Fv2%2Ftags&post=48311"}],"curies":[{"name":"wp","href":"https:\/\/api.w.org\/{rel}","templated":true}]}}