{"id":47554,"date":"2017-03-27T19:12:32","date_gmt":"2017-03-28T01:12:32","guid":{"rendered":"http:\/\/lamendigapolitica.com\/blog\/?p=47554"},"modified":"2017-03-27T19:12:32","modified_gmt":"2017-03-28T01:12:32","slug":"niegan-reafiliacion-al-pan-al-ex-gobernador-emilio-gonzalez","status":"publish","type":"post","link":"https:\/\/lamendigapolitica.com\/?p=47554","title":{"rendered":"Niegan reafiliaci\u00f3n al PAN al ex gobernador Emilio Gonz\u00e1lez"},"content":{"rendered":"<p><a href=\"https:\/\/lamendigapolitica.com\/blog\/blog\/wp-content\/uploads\/2017\/03\/emilio.jpg\" rel=\"attachment wp-att-47555\"><img loading=\"lazy\" decoding=\"async\" class=\"aligncenter wp-image-47555 size-full\" src=\"https:\/\/lamendigapolitica.com\/blog\/blog\/wp-content\/uploads\/2017\/03\/emilio.jpg\" alt=\"emilio\" width=\"456\" height=\"415\" srcset=\"https:\/\/lamendigapolitica.com\/wp-content\/uploads\/2017\/03\/emilio.jpg 456w, https:\/\/lamendigapolitica.com\/wp-content\/uploads\/2017\/03\/emilio-300x273.jpg 300w\" sizes=\"auto, (max-width: 456px) 100vw, 456px\" \/><\/a><\/p>\n<p>Por Eugenia Barajas<\/p>\n<p>El medio d\u00eda de este lunes, el exgobernador de Jalisco, Emilio Gonz\u00e1lez M\u00e1rquez se reafili\u00f3 a su partido, Acci\u00f3n Nacional como parte de la campa\u00f1a para actualizar el Padr\u00f3n Nacional de Miembros, sin embargo, en un principio le negaron el proceso.<\/p>\n<p>De acuerdo a fuentes del Comit\u00e9 Directivo Estatal, donde se tiene una oficina para el proceso de reafiliaci\u00f3n, el ex mandatario lleg\u00f3 con su credencial de elector para iniciar el tr\u00e1mite y se le neg\u00f3 alegando que estaba expulsado del partido y por tanto no pod\u00eda ratificar su membres\u00eda partidaria.<\/p>\n<p>La confusi\u00f3n lleg\u00f3 hasta la presidencia, donde el propio dirigente estatal, Miguel \u00c1ngel Mart\u00ednez Espinoza aclar\u00f3 que el tambi\u00e9n ex presidente blanquiazul segu\u00eda un proceso, pero no estaba expulsado del partido.<\/p>\n<p>Pasados 15 minutos, Gonz\u00e1lez M\u00e1rquez complet\u00f3 su reafiliaci\u00f3n, fue a saludar y agradecer a Mart\u00ednez Espinoza y se retir\u00f3 siendo miembro, nuevamente del blanquiazul.<\/p>\n<p>Cabe recordar que en mayo del 2015, el Comit\u00e9 Municipal de Guadalajara expuls\u00f3 de manera sumaria al mandatario, tras considerar alta traici\u00f3n que apoyara al ese entonces candidato a la alcald\u00eda tapat\u00eda por Movimiento Ciudadano, Enrique Alfaro.<\/p>\n","protected":false},"excerpt":{"rendered":"<p>Por Eugenia Barajas El medio d\u00eda de este lunes, el exgobernador de Jalisco, Emilio Gonz\u00e1lez M\u00e1rquez se reafili\u00f3 a su partido, Acci\u00f3n Nacional como parte de la campa\u00f1a para actualizar el Padr\u00f3n Nacional de Miembros, sin embargo, en un principio le negaron el proceso. De acuerdo a fuentes del Comit\u00e9 Directivo Estatal, donde se tiene &hellip; <\/p>\n<p><a class=\"more-link btn\" href=\"https:\/\/lamendigapolitica.com\/?p=47554\">Seguir leyendo<\/a><\/p>\n","protected":false},"author":1,"featured_media":0,"comment_status":"open","ping_status":"closed","sticky":false,"template":"","format":"standard","meta":{"footnotes":""},"categories":[6,20,5,3],"tags":[],"class_list":["post-47554","post","type-post","status-publish","format-standard","hentry","category-congreso","category-gobierno","category-partidos","category-politica","item-wrap"],"_links":{"self":[{"href":"https:\/\/lamendigapolitica.com\/index.php?rest_route=\/wp\/v2\/posts\/47554","targetHints":{"allow":["GET"]}}],"collection":[{"href":"https:\/\/lamendigapolitica.com\/index.php?rest_route=\/wp\/v2\/posts"}],"about":[{"href":"https:\/\/lamendigapolitica.com\/index.php?rest_route=\/wp\/v2\/types\/post"}],"author":[{"embeddable":true,"href":"https:\/\/lamendigapolitica.com\/index.php?rest_route=\/wp\/v2\/users\/1"}],"replies":[{"embeddable":true,"href":"https:\/\/lamendigapolitica.com\/index.php?rest_route=%2Fwp%2Fv2%2Fcomments&post=47554"}],"version-history":[{"count":4,"href":"https:\/\/lamendigapolitica.com\/index.php?rest_route=\/wp\/v2\/posts\/47554\/revisions"}],"predecessor-version":[{"id":47559,"href":"https:\/\/lamendigapolitica.com\/index.php?rest_route=\/wp\/v2\/posts\/47554\/revisions\/47559"}],"wp:attachment":[{"href":"https:\/\/lamendigapolitica.com\/index.php?rest_route=%2Fwp%2Fv2%2Fmedia&parent=47554"}],"wp:term":[{"taxonomy":"category","embeddable":true,"href":"https:\/\/lamendigapolitica.com\/index.php?rest_route=%2Fwp%2Fv2%2Fcategories&post=47554"},{"taxonomy":"post_tag","embeddable":true,"href":"https:\/\/lamendigapolitica.com\/index.php?rest_route=%2Fwp%2Fv2%2Ftags&post=47554"}],"curies":[{"name":"wp","href":"https:\/\/api.w.org\/{rel}","templated":true}]}}