{"id":47135,"date":"2017-03-08T10:06:59","date_gmt":"2017-03-08T16:06:59","guid":{"rendered":"http:\/\/lamendigapolitica.com\/blog\/?p=47135"},"modified":"2017-03-08T10:06:59","modified_gmt":"2017-03-08T16:06:59","slug":"profesor-de-la-prepa-10-de-la-udeg-da-su-version-del-video","status":"publish","type":"post","link":"https:\/\/lamendigapolitica.com\/?p=47135","title":{"rendered":"Profesor de la prepa 10 de la UdeG, da su versi\u00f3n del video"},"content":{"rendered":"<p><a href=\"https:\/\/lamendigapolitica.com\/blog\/blog\/wp-content\/uploads\/2017\/03\/carta-prepa-10.jpg\" rel=\"attachment wp-att-47137\"><img loading=\"lazy\" decoding=\"async\" class=\"aligncenter size-medium wp-image-47137\" src=\"https:\/\/lamendigapolitica.com\/blog\/blog\/wp-content\/uploads\/2017\/03\/carta-prepa-10-216x300.jpg\" alt=\"carta prepa 10\" width=\"216\" height=\"300\" srcset=\"https:\/\/lamendigapolitica.com\/wp-content\/uploads\/2017\/03\/carta-prepa-10-216x300.jpg 216w, https:\/\/lamendigapolitica.com\/wp-content\/uploads\/2017\/03\/carta-prepa-10.jpg 692w\" sizes=\"auto, (max-width: 216px) 100vw, 216px\" \/><\/a><\/p>\n<p>Faltaba la versi\u00f3n del profesor de la preparatoria 10, de la Universidad de Guadalajara (UdeG), Ram\u00f3n Urrea Bernal, qui\u00e9n por medio de una carta que subi\u00f3 a sus propias redes sociales, explic\u00f3 el porqu\u00e9 de su discurso machista en su clase, por medio de su escrito indic\u00f3 que utilizo esas frases para representar la violencia en las familias.<\/p>\n<p>En su carta\u00a0 Urrea Bernal, justific\u00f3 su discurso \u00abEste video solo muestra como ejemplifico una situaci\u00f3n de violencia familiar, sin hacer referencia a una persona en particular como lo hice del conocimiento de los alumnos, lo que hago es retratar lo m\u00e1s fiel posible a una situaci\u00f3n de violencia familiar durante la clase\u00bb, indic\u00f3 el profesor.<\/p>\n<p>Se\u00f1al\u00f3 que la clase de una hora, ten\u00eda el objetivo de evitar que los alumnos lleguen a ser agresores o agredidos, por lo que ofreci\u00f3 una disculpa por su lenguaje a los alumnos, profesores, \u00a0a la instituci\u00f3n, a su familia y amigos, y pidi\u00f3 que entendieran el \u00abcontexto\u00bb y el \u00abtrasfondo\u00bb de la situaci\u00f3n.<a href=\"https:\/\/lamendigapolitica.com\/blog\/blog\/wp-content\/uploads\/2017\/03\/WhatsApp-Image-2017-03-08-at-09.03.23.jpeg\" rel=\"attachment wp-att-47129\"><img loading=\"lazy\" decoding=\"async\" class=\"aligncenter size-medium wp-image-47129\" src=\"https:\/\/lamendigapolitica.com\/blog\/blog\/wp-content\/uploads\/2017\/03\/WhatsApp-Image-2017-03-08-at-09.03.23-300x295.jpeg\" alt=\"WhatsApp Image 2017-03-08 at 09.03.23\" width=\"300\" height=\"295\" srcset=\"https:\/\/lamendigapolitica.com\/wp-content\/uploads\/2017\/03\/WhatsApp-Image-2017-03-08-at-09.03.23-300x295.jpeg 300w, https:\/\/lamendigapolitica.com\/wp-content\/uploads\/2017\/03\/WhatsApp-Image-2017-03-08-at-09.03.23.jpeg 640w\" sizes=\"auto, (max-width: 300px) 100vw, 300px\" \/><\/a><\/p>\n","protected":false},"excerpt":{"rendered":"<p>Faltaba la versi\u00f3n del profesor de la preparatoria 10, de la Universidad de Guadalajara (UdeG), Ram\u00f3n Urrea Bernal, qui\u00e9n por medio de una carta que subi\u00f3 a sus propias redes sociales, explic\u00f3 el porqu\u00e9 de su discurso machista en su clase, por medio de su escrito indic\u00f3 que utilizo esas frases para representar la violencia &hellip; <\/p>\n<p><a class=\"more-link btn\" href=\"https:\/\/lamendigapolitica.com\/?p=47135\">Seguir leyendo<\/a><\/p>\n","protected":false},"author":1,"featured_media":0,"comment_status":"open","ping_status":"closed","sticky":false,"template":"","format":"standard","meta":{"footnotes":""},"categories":[28,37,22],"tags":[],"class_list":["post-47135","post","type-post","status-publish","format-standard","hentry","category-educacion","category-nacional","category-sociales","item-wrap"],"_links":{"self":[{"href":"https:\/\/lamendigapolitica.com\/index.php?rest_route=\/wp\/v2\/posts\/47135","targetHints":{"allow":["GET"]}}],"collection":[{"href":"https:\/\/lamendigapolitica.com\/index.php?rest_route=\/wp\/v2\/posts"}],"about":[{"href":"https:\/\/lamendigapolitica.com\/index.php?rest_route=\/wp\/v2\/types\/post"}],"author":[{"embeddable":true,"href":"https:\/\/lamendigapolitica.com\/index.php?rest_route=\/wp\/v2\/users\/1"}],"replies":[{"embeddable":true,"href":"https:\/\/lamendigapolitica.com\/index.php?rest_route=%2Fwp%2Fv2%2Fcomments&post=47135"}],"version-history":[{"count":1,"href":"https:\/\/lamendigapolitica.com\/index.php?rest_route=\/wp\/v2\/posts\/47135\/revisions"}],"predecessor-version":[{"id":47138,"href":"https:\/\/lamendigapolitica.com\/index.php?rest_route=\/wp\/v2\/posts\/47135\/revisions\/47138"}],"wp:attachment":[{"href":"https:\/\/lamendigapolitica.com\/index.php?rest_route=%2Fwp%2Fv2%2Fmedia&parent=47135"}],"wp:term":[{"taxonomy":"category","embeddable":true,"href":"https:\/\/lamendigapolitica.com\/index.php?rest_route=%2Fwp%2Fv2%2Fcategories&post=47135"},{"taxonomy":"post_tag","embeddable":true,"href":"https:\/\/lamendigapolitica.com\/index.php?rest_route=%2Fwp%2Fv2%2Ftags&post=47135"}],"curies":[{"name":"wp","href":"https:\/\/api.w.org\/{rel}","templated":true}]}}