{"id":47128,"date":"2017-03-08T09:12:27","date_gmt":"2017-03-08T15:12:27","guid":{"rendered":"http:\/\/lamendigapolitica.com\/blog\/?p=47128"},"modified":"2017-03-08T09:12:27","modified_gmt":"2017-03-08T15:12:27","slug":"sancionaran-a-profesor-de-la-prepa-10-de-la-udeg","status":"publish","type":"post","link":"https:\/\/lamendigapolitica.com\/?p=47128","title":{"rendered":"Sancionaran a profesor de la prepa 10 de la UdeG"},"content":{"rendered":"<p><a href=\"https:\/\/lamendigapolitica.com\/blog\/blog\/wp-content\/uploads\/2017\/03\/WhatsApp-Image-2017-03-08-at-09.03.23.jpeg\" rel=\"attachment wp-att-47129\"><img loading=\"lazy\" decoding=\"async\" class=\"aligncenter size-medium wp-image-47129\" src=\"https:\/\/lamendigapolitica.com\/blog\/blog\/wp-content\/uploads\/2017\/03\/WhatsApp-Image-2017-03-08-at-09.03.23-300x295.jpeg\" alt=\"WhatsApp Image 2017-03-08 at 09.03.23\" width=\"300\" height=\"295\" srcset=\"https:\/\/lamendigapolitica.com\/wp-content\/uploads\/2017\/03\/WhatsApp-Image-2017-03-08-at-09.03.23-300x295.jpeg 300w, https:\/\/lamendigapolitica.com\/wp-content\/uploads\/2017\/03\/WhatsApp-Image-2017-03-08-at-09.03.23.jpeg 640w\" sizes=\"auto, (max-width: 300px) 100vw, 300px\" \/><\/a><\/p>\n<p>Despu\u00e9s de que se diera a conocer el video por medio de las redes sociales, donde un profesor de la preparatoria 10 de la Universidad de Guadalajara (UdeG), de nombre Ram\u00f3n Urrea Bernal, quien dentro de su clase dio discurso mis\u00f3gino y machista.<\/p>\n<p>La m\u00e1xima casa de estudios dio a conocer que ser\u00e1 sometido a procedimientos administrativos, donde se determine su situaci\u00f3n contractual, y otro derivar\u00eda en la valoraci\u00f3n del Consejo General Universitario respecto a sanciones por la presunta violaci\u00f3n a la Ley Org\u00e1nica, al generar hostilidad a miembros de la comunidad universitaria.<\/p>\n<p>El Rector General, Tonatiuh Bravo Padilla expres\u00f3 sorpresa ante las lamentables expresiones proferidas por el profesor.<\/p>\n<p>\u201cNo corresponden al lenguaje de un acad\u00e9mico\u201d, subray\u00f3 Bravo Padilla.<\/p>\n<p>El docente ser\u00e1 citado para que en un m\u00e1ximo de 48 horas comparezca ante la Comisi\u00f3n de Responsabilidades y Sanciones del Consejo General Universitario, as\u00ed como a los procedimientos laborales correspondientes.<\/p>\n<p>En redes sociales es conocido como #LordPrepa10.<\/p>\n","protected":false},"excerpt":{"rendered":"<p>Despu\u00e9s de que se diera a conocer el video por medio de las redes sociales, donde un profesor de la preparatoria 10 de la Universidad de Guadalajara (UdeG), de nombre Ram\u00f3n Urrea Bernal, quien dentro de su clase dio discurso mis\u00f3gino y machista. La m\u00e1xima casa de estudios dio a conocer que ser\u00e1 sometido a &hellip; <\/p>\n<p><a class=\"more-link btn\" href=\"https:\/\/lamendigapolitica.com\/?p=47128\">Seguir leyendo<\/a><\/p>\n","protected":false},"author":1,"featured_media":0,"comment_status":"open","ping_status":"closed","sticky":false,"template":"","format":"standard","meta":{"footnotes":""},"categories":[28,22],"tags":[],"class_list":["post-47128","post","type-post","status-publish","format-standard","hentry","category-educacion","category-sociales","item-wrap"],"_links":{"self":[{"href":"https:\/\/lamendigapolitica.com\/index.php?rest_route=\/wp\/v2\/posts\/47128","targetHints":{"allow":["GET"]}}],"collection":[{"href":"https:\/\/lamendigapolitica.com\/index.php?rest_route=\/wp\/v2\/posts"}],"about":[{"href":"https:\/\/lamendigapolitica.com\/index.php?rest_route=\/wp\/v2\/types\/post"}],"author":[{"embeddable":true,"href":"https:\/\/lamendigapolitica.com\/index.php?rest_route=\/wp\/v2\/users\/1"}],"replies":[{"embeddable":true,"href":"https:\/\/lamendigapolitica.com\/index.php?rest_route=%2Fwp%2Fv2%2Fcomments&post=47128"}],"version-history":[{"count":1,"href":"https:\/\/lamendigapolitica.com\/index.php?rest_route=\/wp\/v2\/posts\/47128\/revisions"}],"predecessor-version":[{"id":47130,"href":"https:\/\/lamendigapolitica.com\/index.php?rest_route=\/wp\/v2\/posts\/47128\/revisions\/47130"}],"wp:attachment":[{"href":"https:\/\/lamendigapolitica.com\/index.php?rest_route=%2Fwp%2Fv2%2Fmedia&parent=47128"}],"wp:term":[{"taxonomy":"category","embeddable":true,"href":"https:\/\/lamendigapolitica.com\/index.php?rest_route=%2Fwp%2Fv2%2Fcategories&post=47128"},{"taxonomy":"post_tag","embeddable":true,"href":"https:\/\/lamendigapolitica.com\/index.php?rest_route=%2Fwp%2Fv2%2Ftags&post=47128"}],"curies":[{"name":"wp","href":"https:\/\/api.w.org\/{rel}","templated":true}]}}