{"id":46868,"date":"2017-02-24T13:29:33","date_gmt":"2017-02-24T19:29:33","guid":{"rendered":"http:\/\/lamendigapolitica.com\/blog\/?p=46868"},"modified":"2017-02-24T15:38:30","modified_gmt":"2017-02-24T21:38:30","slug":"se-rasga-la-bandera-nacional-en-su-celebracion","status":"publish","type":"post","link":"https:\/\/lamendigapolitica.com\/?p=46868","title":{"rendered":"Se rasga la Bandera nacional en su celebraci\u00f3n"},"content":{"rendered":"<p><a href=\"https:\/\/lamendigapolitica.com\/blog\/blog\/wp-content\/uploads\/2017\/02\/WhatsApp-Image-2017-02-24-at-13.20.52.jpeg\" rel=\"attachment wp-att-46869\"><img loading=\"lazy\" decoding=\"async\" class=\"aligncenter size-medium wp-image-46869\" src=\"https:\/\/lamendigapolitica.com\/blog\/blog\/wp-content\/uploads\/2017\/02\/WhatsApp-Image-2017-02-24-at-13.20.52-300x266.jpeg\" alt=\"WhatsApp Image 2017-02-24 at 13.20.52\" width=\"300\" height=\"266\" \/><\/a><\/p>\n<p>&nbsp;<\/p>\n<p>En la ceremonia oficial por el\u00a0 D\u00eda de la Bandera, se rasg\u00f3 el l\u00e1baro patrio y al menos se vieron tres secciones da\u00f1adas, mientras ondeaba en el viento, en el Campo Marte, donde estaba presente el Presidente Enrique Pe\u00f1a Nieto.<\/p>\n<p>En el evento, el Presidente pidi\u00f3 que se izar\u00e1 la bandera, sin embargo esta se ator\u00f3 con una de las torres de las bocinas y se rasg\u00f3.<\/p>\n","protected":false},"excerpt":{"rendered":"<p>&nbsp; En la ceremonia oficial por el\u00a0 D\u00eda de la Bandera, se rasg\u00f3 el l\u00e1baro patrio y al menos se vieron tres secciones da\u00f1adas, mientras ondeaba en el viento, en el Campo Marte, donde estaba presente el Presidente Enrique Pe\u00f1a Nieto. En el evento, el Presidente pidi\u00f3 que se izar\u00e1 la bandera, sin embargo esta &hellip; <\/p>\n<p><a class=\"more-link btn\" href=\"https:\/\/lamendigapolitica.com\/?p=46868\">Seguir leyendo<\/a><\/p>\n","protected":false},"author":1,"featured_media":0,"comment_status":"open","ping_status":"closed","sticky":false,"template":"","format":"standard","meta":{"footnotes":""},"categories":[20,37],"tags":[],"class_list":["post-46868","post","type-post","status-publish","format-standard","hentry","category-gobierno","category-nacional","item-wrap"],"_links":{"self":[{"href":"https:\/\/lamendigapolitica.com\/index.php?rest_route=\/wp\/v2\/posts\/46868","targetHints":{"allow":["GET"]}}],"collection":[{"href":"https:\/\/lamendigapolitica.com\/index.php?rest_route=\/wp\/v2\/posts"}],"about":[{"href":"https:\/\/lamendigapolitica.com\/index.php?rest_route=\/wp\/v2\/types\/post"}],"author":[{"embeddable":true,"href":"https:\/\/lamendigapolitica.com\/index.php?rest_route=\/wp\/v2\/users\/1"}],"replies":[{"embeddable":true,"href":"https:\/\/lamendigapolitica.com\/index.php?rest_route=%2Fwp%2Fv2%2Fcomments&post=46868"}],"version-history":[{"count":3,"href":"https:\/\/lamendigapolitica.com\/index.php?rest_route=\/wp\/v2\/posts\/46868\/revisions"}],"predecessor-version":[{"id":46872,"href":"https:\/\/lamendigapolitica.com\/index.php?rest_route=\/wp\/v2\/posts\/46868\/revisions\/46872"}],"wp:attachment":[{"href":"https:\/\/lamendigapolitica.com\/index.php?rest_route=%2Fwp%2Fv2%2Fmedia&parent=46868"}],"wp:term":[{"taxonomy":"category","embeddable":true,"href":"https:\/\/lamendigapolitica.com\/index.php?rest_route=%2Fwp%2Fv2%2Fcategories&post=46868"},{"taxonomy":"post_tag","embeddable":true,"href":"https:\/\/lamendigapolitica.com\/index.php?rest_route=%2Fwp%2Fv2%2Ftags&post=46868"}],"curies":[{"name":"wp","href":"https:\/\/api.w.org\/{rel}","templated":true}]}}