{"id":46713,"date":"2017-02-20T20:53:24","date_gmt":"2017-02-21T02:53:24","guid":{"rendered":"http:\/\/lamendigapolitica.com\/blog\/?p=46713"},"modified":"2017-02-20T20:53:24","modified_gmt":"2017-02-21T02:53:24","slug":"encuentra-yunes-objetos-valiosos-y-diarios-del-profugo-duarte","status":"publish","type":"post","link":"https:\/\/lamendigapolitica.com\/?p=46713","title":{"rendered":"Encuentra Yunes objetos valiosos y diarios del pr\u00f3fugo Duarte"},"content":{"rendered":"<p><a href=\"https:\/\/lamendigapolitica.com\/blog\/blog\/wp-content\/uploads\/2017\/02\/Duarte9.jpg\" rel=\"attachment wp-att-46714\"><img loading=\"lazy\" decoding=\"async\" class=\"aligncenter size-full wp-image-46714\" src=\"https:\/\/lamendigapolitica.com\/blog\/blog\/wp-content\/uploads\/2017\/02\/Duarte9.jpg\" alt=\"Duarte9\" width=\"486\" height=\"500\" srcset=\"https:\/\/lamendigapolitica.com\/wp-content\/uploads\/2017\/02\/Duarte9.jpg 486w, https:\/\/lamendigapolitica.com\/wp-content\/uploads\/2017\/02\/Duarte9-292x300.jpg 292w\" sizes=\"auto, (max-width: 486px) 100vw, 486px\" \/><\/a><\/p>\n<p>Sillas de montar, balones de colecci\u00f3n, cuadros, plumas de oro, vajillas, lanchas, muebles y enseres domesticos fueron algunos de los objetos que se encontraron en una bodega presumiblemente del ex gobernador y pr\u00f3fugo de la justicia, Javier Duarte, inform\u00f3 en conferencia el gobernador de Veracruz, Miguel \u00c1ngel Yunes Linares<\/p>\n<p><a href=\"https:\/\/lamendigapolitica.com\/blog\/blog\/wp-content\/uploads\/2017\/02\/duarte2.jpg\" rel=\"attachment wp-att-46715\"><img loading=\"lazy\" decoding=\"async\" class=\"aligncenter size-full wp-image-46715\" src=\"https:\/\/lamendigapolitica.com\/blog\/blog\/wp-content\/uploads\/2017\/02\/duarte2.jpg\" alt=\"duarte2\" width=\"545\" height=\"300\" srcset=\"https:\/\/lamendigapolitica.com\/wp-content\/uploads\/2017\/02\/duarte2.jpg 545w, https:\/\/lamendigapolitica.com\/wp-content\/uploads\/2017\/02\/duarte2-300x165.jpg 300w\" sizes=\"auto, (max-width: 545px) 100vw, 545px\" \/><\/a><\/p>\n<p>Desde las instalaciones de la bodega, en C\u00f3rdoba, Veracruz, se localizaron \u201cun cumulo de documentos que vinculan a la se\u00f1ora Karime Mac\u00edas de Duarte en la planeaci\u00f3n, preparaci\u00f3n y ejecuci\u00f3n de acciones para desviar recursos p\u00fablicos en beneficio personal y de algunos c\u00f3mplices\u00bb, revel\u00f3 el mandatario.<\/p>\n<p><a href=\"https:\/\/lamendigapolitica.com\/blog\/blog\/wp-content\/uploads\/2017\/02\/duarte6.jpg\" rel=\"attachment wp-att-46716\"><img loading=\"lazy\" decoding=\"async\" class=\"aligncenter size-full wp-image-46716\" src=\"https:\/\/lamendigapolitica.com\/blog\/blog\/wp-content\/uploads\/2017\/02\/duarte6.jpg\" alt=\"duarte6\" width=\"539\" height=\"300\" srcset=\"https:\/\/lamendigapolitica.com\/wp-content\/uploads\/2017\/02\/duarte6.jpg 539w, https:\/\/lamendigapolitica.com\/wp-content\/uploads\/2017\/02\/duarte6-300x167.jpg 300w\" sizes=\"auto, (max-width: 539px) 100vw, 539px\" \/><\/a><\/p>\n<p>Entre los documentos, dijo Yunes, se encuentran los diarios de la se\u00f1ora Mac\u00edas, y varias libretas donde anotaba de manera detallada cuentas bancarias, propiedades en el pa\u00eds y extranjero, as\u00ed como una relaci\u00f3n extensa de familiares, funcionarios p\u00fablicos, socios, y personas con quienes hacia negocios il\u00edcitos.<\/p>\n<p><a href=\"https:\/\/lamendigapolitica.com\/blog\/blog\/wp-content\/uploads\/2017\/02\/Duarte7.jpg\" rel=\"attachment wp-att-46717\"><img loading=\"lazy\" decoding=\"async\" class=\"aligncenter size-full wp-image-46717\" src=\"https:\/\/lamendigapolitica.com\/blog\/blog\/wp-content\/uploads\/2017\/02\/Duarte7.jpg\" alt=\"Duarte7\" width=\"540\" height=\"303\" srcset=\"https:\/\/lamendigapolitica.com\/wp-content\/uploads\/2017\/02\/Duarte7.jpg 540w, https:\/\/lamendigapolitica.com\/wp-content\/uploads\/2017\/02\/Duarte7-300x168.jpg 300w\" sizes=\"auto, (max-width: 540px) 100vw, 540px\" \/><\/a><\/p>\n<p>En una de las libretas de Karime Mac\u00edas se puede leer las frase, \u00abSi merezco abundancia\u00bb, la que se ha vuelto viral y motivo de varios memes.<\/p>\n","protected":false},"excerpt":{"rendered":"<p>Sillas de montar, balones de colecci\u00f3n, cuadros, plumas de oro, vajillas, lanchas, muebles y enseres domesticos fueron algunos de los objetos que se encontraron en una bodega presumiblemente del ex gobernador y pr\u00f3fugo de la justicia, Javier Duarte, inform\u00f3 en conferencia el gobernador de Veracruz, Miguel \u00c1ngel Yunes Linares Desde las instalaciones de la bodega, &hellip; <\/p>\n<p><a class=\"more-link btn\" href=\"https:\/\/lamendigapolitica.com\/?p=46713\">Seguir leyendo<\/a><\/p>\n","protected":false},"author":1,"featured_media":0,"comment_status":"open","ping_status":"closed","sticky":false,"template":"","format":"standard","meta":{"footnotes":""},"categories":[6,30,20,31,5,3,27],"tags":[],"class_list":["post-46713","post","type-post","status-publish","format-standard","hentry","category-congreso","category-economia","category-gobierno","category-internacional","category-partidos","category-politica","category-seguridad","item-wrap"],"_links":{"self":[{"href":"https:\/\/lamendigapolitica.com\/index.php?rest_route=\/wp\/v2\/posts\/46713","targetHints":{"allow":["GET"]}}],"collection":[{"href":"https:\/\/lamendigapolitica.com\/index.php?rest_route=\/wp\/v2\/posts"}],"about":[{"href":"https:\/\/lamendigapolitica.com\/index.php?rest_route=\/wp\/v2\/types\/post"}],"author":[{"embeddable":true,"href":"https:\/\/lamendigapolitica.com\/index.php?rest_route=\/wp\/v2\/users\/1"}],"replies":[{"embeddable":true,"href":"https:\/\/lamendigapolitica.com\/index.php?rest_route=%2Fwp%2Fv2%2Fcomments&post=46713"}],"version-history":[{"count":1,"href":"https:\/\/lamendigapolitica.com\/index.php?rest_route=\/wp\/v2\/posts\/46713\/revisions"}],"predecessor-version":[{"id":46718,"href":"https:\/\/lamendigapolitica.com\/index.php?rest_route=\/wp\/v2\/posts\/46713\/revisions\/46718"}],"wp:attachment":[{"href":"https:\/\/lamendigapolitica.com\/index.php?rest_route=%2Fwp%2Fv2%2Fmedia&parent=46713"}],"wp:term":[{"taxonomy":"category","embeddable":true,"href":"https:\/\/lamendigapolitica.com\/index.php?rest_route=%2Fwp%2Fv2%2Fcategories&post=46713"},{"taxonomy":"post_tag","embeddable":true,"href":"https:\/\/lamendigapolitica.com\/index.php?rest_route=%2Fwp%2Fv2%2Ftags&post=46713"}],"curies":[{"name":"wp","href":"https:\/\/api.w.org\/{rel}","templated":true}]}}