{"id":46511,"date":"2017-02-06T15:27:19","date_gmt":"2017-02-06T21:27:19","guid":{"rendered":"http:\/\/lamendigapolitica.com\/blog\/?p=46511"},"modified":"2017-02-06T15:27:19","modified_gmt":"2017-02-06T21:27:19","slug":"65-anos-al-frente-de-la-monarquia-inglesa-isabel-ii","status":"publish","type":"post","link":"https:\/\/lamendigapolitica.com\/?p=46511","title":{"rendered":"65 a\u00f1os al frente de la monarqu\u00eda inglesa: Isabel II"},"content":{"rendered":"<p><a href=\"https:\/\/lamendigapolitica.com\/blog\/blog\/wp-content\/uploads\/2017\/02\/C3-7NvCW8AIdG_K.jpg\" rel=\"attachment wp-att-46512\"><img loading=\"lazy\" decoding=\"async\" class=\"aligncenter size-full wp-image-46512\" src=\"https:\/\/lamendigapolitica.com\/blog\/blog\/wp-content\/uploads\/2017\/02\/C3-7NvCW8AIdG_K.jpg\" alt=\"C3-7NvCW8AIdG_K\" width=\"900\" height=\"1199\" srcset=\"https:\/\/lamendigapolitica.com\/wp-content\/uploads\/2017\/02\/C3-7NvCW8AIdG_K.jpg 900w, https:\/\/lamendigapolitica.com\/wp-content\/uploads\/2017\/02\/C3-7NvCW8AIdG_K-225x300.jpg 225w, https:\/\/lamendigapolitica.com\/wp-content\/uploads\/2017\/02\/C3-7NvCW8AIdG_K-768x1023.jpg 768w, https:\/\/lamendigapolitica.com\/wp-content\/uploads\/2017\/02\/C3-7NvCW8AIdG_K-769x1024.jpg 769w\" sizes=\"auto, (max-width: 900px) 100vw, 900px\" \/><\/a><\/p>\n<p>&nbsp;<\/p>\n<p>Su t\u00edtulo oficial desde el 26 de marzo de 1953 es: Isabel II, por la Gracia de Dios, del Reino Unido de la Gran Breta\u00f1a e Irlanda del Norte y Reina de sus otros Reinos y Territorios, Jefa de la Mancomunidad de Naciones y Defensora de la Fe y este 6 de febrero cumple 65 a\u00f1os al frente de la monarqu\u00eda inglesa, siendo la reina m\u00e1s longeva en la historia.<\/p>\n<p>Isabel II, recibi\u00f3 ese nombre por su madre, la reina Isabel; su bisabuela paterna, la reina Alexandra, y su abuela paterna, la reina Mar\u00eda.<\/p>\n<p>Naci\u00f3 el 21 de abril de 1926, en Londres Inglaterra y su nombre es\u00a0Elizabeth Alexandra Mary<\/p>\n<p>No fue nombrada heredera natural al trono cuando su t\u00edo, el rey Eduardo VII, abdic\u00f3, porque exist\u00eda la posibilidad de un heredero hombre.<\/p>\n<p><a href=\"https:\/\/lamendigapolitica.com\/blog\/blog\/wp-content\/uploads\/2017\/02\/C3_WmPBVUAAiI6w.jpg\" rel=\"attachment wp-att-46514\"><img loading=\"lazy\" decoding=\"async\" class=\"aligncenter size-full wp-image-46514\" src=\"https:\/\/lamendigapolitica.com\/blog\/blog\/wp-content\/uploads\/2017\/02\/C3_WmPBVUAAiI6w.jpg\" alt=\"C3_WmPBVUAAiI6w\" width=\"500\" height=\"626\" srcset=\"https:\/\/lamendigapolitica.com\/wp-content\/uploads\/2017\/02\/C3_WmPBVUAAiI6w.jpg 500w, https:\/\/lamendigapolitica.com\/wp-content\/uploads\/2017\/02\/C3_WmPBVUAAiI6w-240x300.jpg 240w\" sizes=\"auto, (max-width: 500px) 100vw, 500px\" \/><\/a><\/p>\n<p>&nbsp;<\/p>\n<p>Es la sexta mujer en ascender el trono brit\u00e1nico y la monarca que m\u00e1s tiempo ha reinado. En septiembre del 2015 rompi\u00f3 el r\u00e9cord impuesto por su tatarabuela, la reina Victoria, luego de 63 a\u00f1os y 216 d\u00edas el trono. La reina Victoria (1837-1901) rein\u00f3 durante 63 a\u00f1os y siete meses.<\/p>\n<p>El 10 de julio de 1947, el rey Jorge VI y la reina Isabel anuncian el compromiso de Isabel con el pr\u00edncipe Felipe de Grecia, teniente de la marina brit\u00e1nica, con qui\u00e9n continua casada.<\/p>\n<p>&nbsp;<\/p>\n<p><a href=\"https:\/\/lamendigapolitica.com\/blog\/blog\/wp-content\/uploads\/2017\/02\/C4ACXZvVcAILYVG.jpg\" rel=\"attachment wp-att-46513\"><img loading=\"lazy\" decoding=\"async\" class=\"aligncenter size-full wp-image-46513\" src=\"https:\/\/lamendigapolitica.com\/blog\/blog\/wp-content\/uploads\/2017\/02\/C4ACXZvVcAILYVG.jpg\" alt=\"C4ACXZvVcAILYVG\" width=\"800\" height=\"1107\" srcset=\"https:\/\/lamendigapolitica.com\/wp-content\/uploads\/2017\/02\/C4ACXZvVcAILYVG.jpg 800w, https:\/\/lamendigapolitica.com\/wp-content\/uploads\/2017\/02\/C4ACXZvVcAILYVG-217x300.jpg 217w, https:\/\/lamendigapolitica.com\/wp-content\/uploads\/2017\/02\/C4ACXZvVcAILYVG-768x1063.jpg 768w, https:\/\/lamendigapolitica.com\/wp-content\/uploads\/2017\/02\/C4ACXZvVcAILYVG-740x1024.jpg 740w\" sizes=\"auto, (max-width: 800px) 100vw, 800px\" \/><\/a><\/p>\n<p>El 6 de febrero de 1952, su padre, el rey Jorge VI muere de c\u00e1ncer de pulm\u00f3n e Isabel asciende al trono y dos meses despu\u00e9s\u00a0decreta que ella y sus descendientes seguir\u00e1n usando el apellido Windsor, adoptado por primera vez por la familia real brit\u00e1nica durante la Primera Guerra Mundial.<\/p>\n<p>El 2 de junio de 1953 se lleva a cabo la coronaci\u00f3n en la Abad\u00eda de Westminster y se transmite en vivo a todo el mundo.<\/p>\n<p><strong>SU VIDA EN PELIGRO<\/strong><\/p>\n<p>El 13 de junio de 1981 un adolescente, Marcus Simon Sarjeant, dispara seis veces contra la reina en el momento en que participa en una cabalgata en Londres. Es arrestado y acusado de traici\u00f3n.<\/p>\n<p>Otro caso curioso fue el 9 de julio de 1982, cuando un hombre logra penetrar la seguridad del Palacio de Buckingham y llega hasta el cuarto de la reina, donde ella se encuentra y platica con ella.<\/p>\n","protected":false},"excerpt":{"rendered":"<p>&nbsp; Su t\u00edtulo oficial desde el 26 de marzo de 1953 es: Isabel II, por la Gracia de Dios, del Reino Unido de la Gran Breta\u00f1a e Irlanda del Norte y Reina de sus otros Reinos y Territorios, Jefa de la Mancomunidad de Naciones y Defensora de la Fe y este 6 de febrero cumple &hellip; <\/p>\n<p><a class=\"more-link btn\" href=\"https:\/\/lamendigapolitica.com\/?p=46511\">Seguir leyendo<\/a><\/p>\n","protected":false},"author":1,"featured_media":0,"comment_status":"open","ping_status":"closed","sticky":false,"template":"","format":"standard","meta":{"footnotes":""},"categories":[26,30,20,31,3,21,22],"tags":[],"class_list":["post-46511","post","type-post","status-publish","format-standard","hentry","category-cultura","category-economia","category-gobierno","category-internacional","category-politica","category-religion","category-sociales","item-wrap"],"_links":{"self":[{"href":"https:\/\/lamendigapolitica.com\/index.php?rest_route=\/wp\/v2\/posts\/46511","targetHints":{"allow":["GET"]}}],"collection":[{"href":"https:\/\/lamendigapolitica.com\/index.php?rest_route=\/wp\/v2\/posts"}],"about":[{"href":"https:\/\/lamendigapolitica.com\/index.php?rest_route=\/wp\/v2\/types\/post"}],"author":[{"embeddable":true,"href":"https:\/\/lamendigapolitica.com\/index.php?rest_route=\/wp\/v2\/users\/1"}],"replies":[{"embeddable":true,"href":"https:\/\/lamendigapolitica.com\/index.php?rest_route=%2Fwp%2Fv2%2Fcomments&post=46511"}],"version-history":[{"count":3,"href":"https:\/\/lamendigapolitica.com\/index.php?rest_route=\/wp\/v2\/posts\/46511\/revisions"}],"predecessor-version":[{"id":46517,"href":"https:\/\/lamendigapolitica.com\/index.php?rest_route=\/wp\/v2\/posts\/46511\/revisions\/46517"}],"wp:attachment":[{"href":"https:\/\/lamendigapolitica.com\/index.php?rest_route=%2Fwp%2Fv2%2Fmedia&parent=46511"}],"wp:term":[{"taxonomy":"category","embeddable":true,"href":"https:\/\/lamendigapolitica.com\/index.php?rest_route=%2Fwp%2Fv2%2Fcategories&post=46511"},{"taxonomy":"post_tag","embeddable":true,"href":"https:\/\/lamendigapolitica.com\/index.php?rest_route=%2Fwp%2Fv2%2Ftags&post=46511"}],"curies":[{"name":"wp","href":"https:\/\/api.w.org\/{rel}","templated":true}]}}