{"id":46367,"date":"2017-01-30T20:02:10","date_gmt":"2017-01-31T02:02:10","guid":{"rendered":"http:\/\/lamendigapolitica.com\/blog\/?p=46367"},"modified":"2017-01-30T20:02:10","modified_gmt":"2017-01-31T02:02:10","slug":"con-festival-de-luz-guadalajara-celebrara-su-475-aniversario","status":"publish","type":"post","link":"https:\/\/lamendigapolitica.com\/?p=46367","title":{"rendered":"Con Festival de Luz Guadalajara celebrar\u00e1 su 475  aniversario"},"content":{"rendered":"<p><a href=\"https:\/\/lamendigapolitica.com\/blog\/blog\/wp-content\/uploads\/2017\/01\/LOGO-GDLUZ.jpg\" rel=\"attachment wp-att-46368\"><img loading=\"lazy\" decoding=\"async\" class=\"aligncenter  wp-image-46368\" src=\"https:\/\/lamendigapolitica.com\/blog\/blog\/wp-content\/uploads\/2017\/01\/LOGO-GDLUZ.jpg\" alt=\"LOGO GDLUZ\" width=\"464\" height=\"261\" \/><\/a><\/p>\n<p>&nbsp;<\/p>\n<p>Guadalajara se llenar\u00e1 de luz en su aniversario 475, anunci\u00f3 el alcalde de Guadalajara Enrique Alfaro Ram\u00edrez, quien anunci\u00f3 el Festival GDLUZ 2017 y que forma parte del \u00e1nimo de la actual administraci\u00f3n por regresarle vida al Centro Hist\u00f3rico de la Ciudad, que actualmente se encuentra un tanto desfasado debido a las obras de la L\u00ednea Tres del Tren El\u00e9ctrico, por lo que con un espect\u00e1culo a la altura de las grandes ciudades se espera recuperar la atenci\u00f3n de propios y extra\u00f1os.<\/p>\n<p>&nbsp;<\/p>\n<p>Se trata de un espect\u00e1culo que los tapat\u00edos podr\u00e1n disfrutar en diferentes puntos de la ciudad, ya que se instalar\u00e1 \u00a0a lo largo de 1.5 kil\u00f3metros un espect\u00e1culo de luz y sonido que re\u00fane 10 tecnolog\u00edas para disfrute de los tapat\u00edos, desde la Catedral Metropolitana hasta el Instituto Cultural Caba\u00f1as, donde habr\u00e1 video mappings, shows multimedia, l\u00e1ser mapping interactivos, zonas de ne\u00f3n, fuentes interactivas y pirotecnia, entre otros.<\/p>\n<p>&nbsp;<\/p>\n<p>La celebraci\u00f3n ser\u00e1 del del 14 al 18 de febrero, de las 18:30 a las 22:30 horas con entrada gratuita, \u201chicimos una gran apuesta a escala de ciudad, la apuesta por hacer de la cultura una herramienta de transformaci\u00f3n social, por hacer de nuestra propuesta cultural una manera de transformar la manera en que vivimos y sentimos a la ciudad de Guadalajara\u201d, se\u00f1al\u00f3 Alfaro respecto al festival de luz.<\/p>\n<p>Se\u00f1al\u00f3 que el festival tenr\u00e1 un costo de 22 millones de pesos, de los cuales el Gobierno de Guadalajara s\u00f3lo aportar\u00e1 seis millones, gracias al patrocinio de diferentes empresas \u201cUna ciudad que invierte en su propuesta y agenda cultural, es una ciudad que tambi\u00e9n est\u00e1 abonando a construir capital social y creo que eso es lo m\u00e1s valioso que puede tener una ciudad\u201d, dijo.<\/p>\n<p>Marco Jim\u00e9nez, Director Creativo del Festival GDLUZ, se\u00f1al\u00f3 que este evento ya se ha llevado a cabo anteriormente en ciudades como Lyon, Londres, Sydney, Amsterdam,y Kobe en Jap\u00f3n. Se prev\u00e9 una afluencia de alrededor de 300 mil personas durante todo el Festival y una derrama econ\u00f3mica de 25 millones de pesos para la ciudad.<\/p>\n","protected":false},"excerpt":{"rendered":"<p>&nbsp; Guadalajara se llenar\u00e1 de luz en su aniversario 475, anunci\u00f3 el alcalde de Guadalajara Enrique Alfaro Ram\u00edrez, quien anunci\u00f3 el Festival GDLUZ 2017 y que forma parte del \u00e1nimo de la actual administraci\u00f3n por regresarle vida al Centro Hist\u00f3rico de la Ciudad, que actualmente se encuentra un tanto desfasado debido a las obras de &hellip; <\/p>\n<p><a class=\"more-link btn\" href=\"https:\/\/lamendigapolitica.com\/?p=46367\">Seguir leyendo<\/a><\/p>\n","protected":false},"author":1,"featured_media":0,"comment_status":"open","ping_status":"closed","sticky":false,"template":"","format":"standard","meta":{"footnotes":""},"categories":[6,20,3,22,24],"tags":[],"class_list":["post-46367","post","type-post","status-publish","format-standard","hentry","category-congreso","category-gobierno","category-politica","category-sociales","category-turismo","item-wrap"],"_links":{"self":[{"href":"https:\/\/lamendigapolitica.com\/index.php?rest_route=\/wp\/v2\/posts\/46367","targetHints":{"allow":["GET"]}}],"collection":[{"href":"https:\/\/lamendigapolitica.com\/index.php?rest_route=\/wp\/v2\/posts"}],"about":[{"href":"https:\/\/lamendigapolitica.com\/index.php?rest_route=\/wp\/v2\/types\/post"}],"author":[{"embeddable":true,"href":"https:\/\/lamendigapolitica.com\/index.php?rest_route=\/wp\/v2\/users\/1"}],"replies":[{"embeddable":true,"href":"https:\/\/lamendigapolitica.com\/index.php?rest_route=%2Fwp%2Fv2%2Fcomments&post=46367"}],"version-history":[{"count":1,"href":"https:\/\/lamendigapolitica.com\/index.php?rest_route=\/wp\/v2\/posts\/46367\/revisions"}],"predecessor-version":[{"id":46369,"href":"https:\/\/lamendigapolitica.com\/index.php?rest_route=\/wp\/v2\/posts\/46367\/revisions\/46369"}],"wp:attachment":[{"href":"https:\/\/lamendigapolitica.com\/index.php?rest_route=%2Fwp%2Fv2%2Fmedia&parent=46367"}],"wp:term":[{"taxonomy":"category","embeddable":true,"href":"https:\/\/lamendigapolitica.com\/index.php?rest_route=%2Fwp%2Fv2%2Fcategories&post=46367"},{"taxonomy":"post_tag","embeddable":true,"href":"https:\/\/lamendigapolitica.com\/index.php?rest_route=%2Fwp%2Fv2%2Ftags&post=46367"}],"curies":[{"name":"wp","href":"https:\/\/api.w.org\/{rel}","templated":true}]}}