{"id":46360,"date":"2017-01-30T19:52:39","date_gmt":"2017-01-31T01:52:39","guid":{"rendered":"http:\/\/lamendigapolitica.com\/blog\/?p=46360"},"modified":"2017-01-30T19:52:39","modified_gmt":"2017-01-31T01:52:39","slug":"4to-informe-de-gobierno-sera-por-redes-sociales","status":"publish","type":"post","link":"https:\/\/lamendigapolitica.com\/?p=46360","title":{"rendered":"4to. Informe de Gobierno ser\u00e1 por redes sociales"},"content":{"rendered":"<p><a href=\"https:\/\/lamendigapolitica.com\/blog\/blog\/wp-content\/uploads\/2017\/01\/aris.jpg\" rel=\"attachment wp-att-46361\"><img loading=\"lazy\" decoding=\"async\" class=\"aligncenter  wp-image-46361\" src=\"https:\/\/lamendigapolitica.com\/blog\/blog\/wp-content\/uploads\/2017\/01\/aris.jpg\" alt=\"aris\" width=\"448\" height=\"251\" \/><\/a><\/p>\n<p>&nbsp;<\/p>\n<p>El Gobernador del Estado, Arist\u00f3teles Sandoval, decidi\u00f3 no realizar evento protocolario con motivo del 4to. Informe de Actividades, generando ahorros importantes y una mejor difusi\u00f3n de resultados entre la poblaci\u00f3n, anunci\u00f3 el Vocero del Gobierno de Jalisco, Gonzalo S\u00e1nchez, esto es en concordancia con la situaci\u00f3n econ\u00f3mica que atraviesa el pa\u00eds y la pol\u00edtica de austeridad que promueve el Ejecutivo desde el inicio de esta administraci\u00f3n<\/p>\n<p>&nbsp;<\/p>\n<p>El mi\u00e9rcoles 1 de febrero, el secretario General de Gobierno, Roberto L\u00f3pez Lara, entregar\u00e1 por escrito el Informe al Congreso del Estado y a las 21:00 horas\u00a0 el mandatario estatal dirigir\u00e1 un mensaje a los jaliscienses a trav\u00e9s del Sistema Jalisciense de Radio y Televisi\u00f3n (C7). \u00a0\u00abCreemos que vivimos tiempos dif\u00edciles y no solamente tiempo dif\u00edciles, sino tiempos de cambio, en donde tambi\u00e9n la clase pol\u00edtica, en este caso el Gobierno del Estado, debe de adaptarse y debe de buscar una comunicaci\u00f3n m\u00e1s eficiente, m\u00e1s directa con los ciudadanos y a un bajo costo\u00bb, dijo S\u00e1nchez.<\/p>\n<p>&nbsp;<\/p>\n<p>Asimismo, dijo que la Glosa Ciudadana, a realizarse el martes 7 de febrero en el Patio Central de Palacio de Gobierno, tambi\u00e9n tendr\u00e1 algunos cambios para hacer m\u00e1s novedoso este ejercicio de di\u00e1logo y retroalimentaci\u00f3n entre el Gobernador y los especialistas asistentes.<\/p>\n<p>&nbsp;<\/p>\n<p>\u00abS\u00ed, la Glosa tambi\u00e9n se proyecta que sea transmitida a trav\u00e9s de la televisora local, que sea tambi\u00e9n transmitida a trav\u00e9s de la plataformas digitales, particularmente Facebook Live y Periscope, y bueno que est\u00e9n disponibles y que haya un ejercicio interactivo. En la Glosa se va a presentar una plataforma, una p\u00e1gina, en donde se pueden formular, cualquier ciudadano interesado, puede formular su inquietud, su pregunta al Gobernador y a estas preguntas se les estar\u00e1 dando respuesta en el formato de Glosa\u00bb, puntualiz\u00f3 Gonzalo S\u00e1nchez.<\/p>\n","protected":false},"excerpt":{"rendered":"<p>&nbsp; El Gobernador del Estado, Arist\u00f3teles Sandoval, decidi\u00f3 no realizar evento protocolario con motivo del 4to. Informe de Actividades, generando ahorros importantes y una mejor difusi\u00f3n de resultados entre la poblaci\u00f3n, anunci\u00f3 el Vocero del Gobierno de Jalisco, Gonzalo S\u00e1nchez, esto es en concordancia con la situaci\u00f3n econ\u00f3mica que atraviesa el pa\u00eds y la pol\u00edtica &hellip; <\/p>\n<p><a class=\"more-link btn\" href=\"https:\/\/lamendigapolitica.com\/?p=46360\">Seguir leyendo<\/a><\/p>\n","protected":false},"author":1,"featured_media":0,"comment_status":"open","ping_status":"closed","sticky":false,"template":"","format":"standard","meta":{"footnotes":""},"categories":[6,30,20,5,3],"tags":[],"class_list":["post-46360","post","type-post","status-publish","format-standard","hentry","category-congreso","category-economia","category-gobierno","category-partidos","category-politica","item-wrap"],"_links":{"self":[{"href":"https:\/\/lamendigapolitica.com\/index.php?rest_route=\/wp\/v2\/posts\/46360","targetHints":{"allow":["GET"]}}],"collection":[{"href":"https:\/\/lamendigapolitica.com\/index.php?rest_route=\/wp\/v2\/posts"}],"about":[{"href":"https:\/\/lamendigapolitica.com\/index.php?rest_route=\/wp\/v2\/types\/post"}],"author":[{"embeddable":true,"href":"https:\/\/lamendigapolitica.com\/index.php?rest_route=\/wp\/v2\/users\/1"}],"replies":[{"embeddable":true,"href":"https:\/\/lamendigapolitica.com\/index.php?rest_route=%2Fwp%2Fv2%2Fcomments&post=46360"}],"version-history":[{"count":1,"href":"https:\/\/lamendigapolitica.com\/index.php?rest_route=\/wp\/v2\/posts\/46360\/revisions"}],"predecessor-version":[{"id":46362,"href":"https:\/\/lamendigapolitica.com\/index.php?rest_route=\/wp\/v2\/posts\/46360\/revisions\/46362"}],"wp:attachment":[{"href":"https:\/\/lamendigapolitica.com\/index.php?rest_route=%2Fwp%2Fv2%2Fmedia&parent=46360"}],"wp:term":[{"taxonomy":"category","embeddable":true,"href":"https:\/\/lamendigapolitica.com\/index.php?rest_route=%2Fwp%2Fv2%2Fcategories&post=46360"},{"taxonomy":"post_tag","embeddable":true,"href":"https:\/\/lamendigapolitica.com\/index.php?rest_route=%2Fwp%2Fv2%2Ftags&post=46360"}],"curies":[{"name":"wp","href":"https:\/\/api.w.org\/{rel}","templated":true}]}}