{"id":46161,"date":"2017-01-25T13:38:37","date_gmt":"2017-01-25T19:38:37","guid":{"rendered":"http:\/\/lamendigapolitica.com\/blog\/?p=46161"},"modified":"2017-01-25T13:38:37","modified_gmt":"2017-01-25T19:38:37","slug":"trump-firma-orden-para-la-construccion-de-muro","status":"publish","type":"post","link":"https:\/\/lamendigapolitica.com\/?p=46161","title":{"rendered":"Trump firma orden para la construcci\u00f3n de muro"},"content":{"rendered":"<p><a href=\"https:\/\/lamendigapolitica.com\/blog\/blog\/wp-content\/uploads\/2017\/01\/trump-1.jpg\" rel=\"attachment wp-att-46162\"><img loading=\"lazy\" decoding=\"async\" class=\"aligncenter  wp-image-46162\" src=\"https:\/\/lamendigapolitica.com\/blog\/blog\/wp-content\/uploads\/2017\/01\/trump-1.jpg\" alt=\"trump\" width=\"399\" height=\"237\" \/><\/a><\/p>\n<p>&nbsp;<\/p>\n<p>El presidente de EEUU, Donald Trump, firm\u00f3 una orden ejecutiva para la construcci\u00f3n de un muro en la frontera entre M\u00e9xico y Estados Unidos, mismo que M\u00e9xico \u201cpagar\u00e1 de una u otra forma\u201d, asegur\u00f3 el portavoz de la Casa Blanca, Sean Spicer. M\u00e1s temprano, Donald Trump asegur\u00f3 a la cadena ABC que en cuesti\u00f3n de meses comience la construcci\u00f3n de un muro\u00a0 y que los planes para levantarlo ya est\u00e1n en marcha, seg\u00fan extractos de una entrevista.<\/p>\n<p>&nbsp;<\/p>\n<p>Trump dijo al canal de televisi\u00f3n que si bien los contribuyentes estadounidenses tendr\u00e1n que financiar inicialmente el muro, al final M\u00e9xico tendr\u00e1 que pagar por \u00e9l. Las negociaciones para el reembolso comenzar\u00e1n \u201crelativamente pronto\u201d, agreg\u00f3. Sean Spicer, el secretario de prensa de la Casa Blanca inform\u00f3 en conferencia que la construcci\u00f3n del muro para asegurar la frontera y evitar que entren migrantes ilegales y drogas \u201ces algo de sentido com\u00fan\u201d.<\/p>\n<p>&nbsp;<\/p>\n<p>El funcionario dijo que con el muro el Departamento de Seguridad Nacional tendr\u00e1 herramientas para detener la inmigraci\u00f3n ilegal \u201clos estadounidenses son quienes deciden qui\u00e9n puede o no entrar a este pa\u00eds\u201d. Spicer tambi\u00e9n dijo que el gobierno federal dejar\u00e1 de dar recursos a las Ciudades Santuario que apoyan a los migrantes no present\u00e1ndolos ante las autoridades. \u201cSe van a hacer cumplir las leyes\u201d, dijo Spicer.<\/p>\n<p>&nbsp;<\/p>\n<p>El paquete de medidas tambi\u00e9n deber\u00e1 imponer severas restricciones al programa de aceptaci\u00f3n de refugiados, tal como lo hab\u00eda prometido durante la campa\u00f1a electoral. El nuevo mandatario hab\u00eda llegado a proponer la suspensi\u00f3n total de la llegada de refugiados musulmanes al pa\u00eds. En esta jornada, Trump deber\u00e1 anunciar restricciones migratorias y acceso a Estados Unidos a personas con visas de Irak, Ir\u00e1n, Libia, Somalia, Sud\u00e1n, Siria y Yemen. Con esto, Trump cumple una de sus principales promesas de campa\u00f1a, la de hacer m\u00e1s estrictas las pol\u00edticas migratorias de Estados Unidos, lo que incluye reforzar la seguridad de la frontera con M\u00e9xico frenando la migraci\u00f3n con la construcci\u00f3n del muro.<\/p>\n<p>&nbsp;<\/p>\n<p>Trump tambi\u00e9n dijo que ser\u00eda M\u00e9xico quien pagar\u00eda por su construcci\u00f3n, primero ser\u00e1 financiado con recursos de EU a trav\u00e9s de un proyecto de ley de gastos aprobados por el Congreso; dinero que devolver\u00e1 M\u00e9xico despu\u00e9s. Desde el anuncio de Trump, el gobierno mexicano ha afirmado que no pagar\u00e1 por el muro. El canciller Luis Videgaray dijo en d\u00edas pasados que por \u201cdignidad\u201d M\u00e9xico nunca dar\u00eda dinero para el muro. Este martes el secretario de Econom\u00eda, Idelfonso Guajardo \u2013 quien se encuentra junto con Videgaray en Washington para sostener reuniones integrantes del gobierno de Trump \u2013 dijo que M\u00e9xico marcar\u00e1 un l\u00edmite: que se respeta la soberan\u00eda.<\/p>\n","protected":false},"excerpt":{"rendered":"<p>&nbsp; El presidente de EEUU, Donald Trump, firm\u00f3 una orden ejecutiva para la construcci\u00f3n de un muro en la frontera entre M\u00e9xico y Estados Unidos, mismo que M\u00e9xico \u201cpagar\u00e1 de una u otra forma\u201d, asegur\u00f3 el portavoz de la Casa Blanca, Sean Spicer. M\u00e1s temprano, Donald Trump asegur\u00f3 a la cadena ABC que en cuesti\u00f3n &hellip; <\/p>\n<p><a class=\"more-link btn\" href=\"https:\/\/lamendigapolitica.com\/?p=46161\">Seguir leyendo<\/a><\/p>\n","protected":false},"author":1,"featured_media":0,"comment_status":"open","ping_status":"closed","sticky":false,"template":"","format":"standard","meta":{"footnotes":""},"categories":[6,20,31,5,3],"tags":[],"class_list":["post-46161","post","type-post","status-publish","format-standard","hentry","category-congreso","category-gobierno","category-internacional","category-partidos","category-politica","item-wrap"],"_links":{"self":[{"href":"https:\/\/lamendigapolitica.com\/index.php?rest_route=\/wp\/v2\/posts\/46161","targetHints":{"allow":["GET"]}}],"collection":[{"href":"https:\/\/lamendigapolitica.com\/index.php?rest_route=\/wp\/v2\/posts"}],"about":[{"href":"https:\/\/lamendigapolitica.com\/index.php?rest_route=\/wp\/v2\/types\/post"}],"author":[{"embeddable":true,"href":"https:\/\/lamendigapolitica.com\/index.php?rest_route=\/wp\/v2\/users\/1"}],"replies":[{"embeddable":true,"href":"https:\/\/lamendigapolitica.com\/index.php?rest_route=%2Fwp%2Fv2%2Fcomments&post=46161"}],"version-history":[{"count":1,"href":"https:\/\/lamendigapolitica.com\/index.php?rest_route=\/wp\/v2\/posts\/46161\/revisions"}],"predecessor-version":[{"id":46163,"href":"https:\/\/lamendigapolitica.com\/index.php?rest_route=\/wp\/v2\/posts\/46161\/revisions\/46163"}],"wp:attachment":[{"href":"https:\/\/lamendigapolitica.com\/index.php?rest_route=%2Fwp%2Fv2%2Fmedia&parent=46161"}],"wp:term":[{"taxonomy":"category","embeddable":true,"href":"https:\/\/lamendigapolitica.com\/index.php?rest_route=%2Fwp%2Fv2%2Fcategories&post=46161"},{"taxonomy":"post_tag","embeddable":true,"href":"https:\/\/lamendigapolitica.com\/index.php?rest_route=%2Fwp%2Fv2%2Ftags&post=46161"}],"curies":[{"name":"wp","href":"https:\/\/api.w.org\/{rel}","templated":true}]}}