{"id":44226,"date":"2016-12-04T09:01:18","date_gmt":"2016-12-04T15:01:18","guid":{"rendered":"http:\/\/lamendigapolitica.com\/blog\/?p=44226"},"modified":"2016-12-04T09:01:18","modified_gmt":"2016-12-04T15:01:18","slug":"priistas-en-la-fil","status":"publish","type":"post","link":"https:\/\/lamendigapolitica.com\/?p=44226","title":{"rendered":"Pri\u00edstas en la FIL"},"content":{"rendered":"<p><a href=\"https:\/\/lamendigapolitica.com\/blog\/blog\/wp-content\/uploads\/2016\/12\/31032098640_d50819da5a_z.jpg\" rel=\"attachment wp-att-44227\"><img loading=\"lazy\" decoding=\"async\" class=\"aligncenter  wp-image-44227\" src=\"https:\/\/lamendigapolitica.com\/blog\/blog\/wp-content\/uploads\/2016\/12\/31032098640_d50819da5a_z.jpg\" alt=\"31032098640_d50819da5a_z\" width=\"415\" height=\"276\" srcset=\"https:\/\/lamendigapolitica.com\/wp-content\/uploads\/2016\/12\/31032098640_d50819da5a_z.jpg 640w, https:\/\/lamendigapolitica.com\/wp-content\/uploads\/2016\/12\/31032098640_d50819da5a_z-300x200.jpg 300w\" sizes=\"auto, (max-width: 415px) 100vw, 415px\" \/><\/a><\/p>\n<p>&nbsp;<\/p>\n<p>El dirigente del Partido Revolucionario Institucional (PRI) particip\u00f3 en la Feria Internacional del Libro de Guadalajara, con la conferencia \u00abLa unidad nacional frente a los retos y desaf\u00edos de la elecci\u00f3n de Estados Unidos\u00bb, donde la moderadora fue por supuesto Adela Micha. El pri\u00edsta explic\u00f3 que los priistas convocan a una visi\u00f3n cr\u00edtica, autocr\u00edtica y propositiva que permita un acercamiento a la ciudadan\u00eda, trabajar con ella en sus aspiraciones y construir en unidad una Agenda M\u00e9xico 2040.<\/p>\n<p>Dijo que el objetivo es establecer puntualmente los diagn\u00f3sticos, las propuestas de soluci\u00f3n, pero sobre todo las acciones que tienen que hacerse en el corto, mediano y largo plazo, para enfrentar esos retos. Respecto a la relaci\u00f3n de M\u00e9xico con Estados Unidos, consider\u00f3 que se tiene que aprovechar y profundizar el di\u00e1logo que inici\u00f3 el presidente Enrique Pe\u00f1a Nieto con el entonces candidato republicano, Donald Trump.<\/p>\n<p>&nbsp;<\/p>\n<p>Ante el p\u00fablico asistente a la Feria, Ochoa Reza refrend\u00f3 la invitaci\u00f3n a la ciudadan\u00eda a participar con el partido que encabeza en la construcci\u00f3n de la Agenda M\u00e9xico 2040, donde los mexicanos encontrar\u00e1n un PRI de puertas abiertas para aportar a favor del desarrollo de un pa\u00eds m\u00e1s fuerte y democr\u00e1tico para todos. Con relaci\u00f3n a las encuestas para la elecci\u00f3n federal de 2018, explic\u00f3 que se suele fragmentar el voto del PRI y sus aliados, por ello se requiere hacer un an\u00e1lisis completo con la participaci\u00f3n del Partido Verde y Nueva Alianza.<\/p>\n<p>&nbsp;<\/p>\n<p>Explic\u00f3 que el PRI est\u00e1 por el binomio de ganar elecciones, pero al mismo tiempo impulsar las pol\u00edticas p\u00fablicas que detonen el desarrollo del pa\u00eds, por lo que se est\u00e1 trabajando en la Agenda que permita avanzar en los retos que enfrenta M\u00e9xico. \u201cLos partidos ciertamente compiten para ganar el voto mayoritario y ganar elecciones, pero tambi\u00e9n los partidos pol\u00edticos tienen un prop\u00f3sito muy claro de impulsar pol\u00edticas p\u00fablicas que transformen el pa\u00eds para bien, y en ese binomio estamos, por eso proponemos una agenda de transformaci\u00f3n, la Agenda M\u00e9xico 2040, para centrar las ideas y los proyectos de lo que viene hacia adelante\u201d.<\/p>\n","protected":false},"excerpt":{"rendered":"<p>&nbsp; El dirigente del Partido Revolucionario Institucional (PRI) particip\u00f3 en la Feria Internacional del Libro de Guadalajara, con la conferencia \u00abLa unidad nacional frente a los retos y desaf\u00edos de la elecci\u00f3n de Estados Unidos\u00bb, donde la moderadora fue por supuesto Adela Micha. El pri\u00edsta explic\u00f3 que los priistas convocan a una visi\u00f3n cr\u00edtica, autocr\u00edtica &hellip; <\/p>\n<p><a class=\"more-link btn\" href=\"https:\/\/lamendigapolitica.com\/?p=44226\">Seguir leyendo<\/a><\/p>\n","protected":false},"author":1,"featured_media":0,"comment_status":"open","ping_status":"closed","sticky":false,"template":"","format":"standard","meta":{"footnotes":""},"categories":[6,20,5,3],"tags":[],"class_list":["post-44226","post","type-post","status-publish","format-standard","hentry","category-congreso","category-gobierno","category-partidos","category-politica","item-wrap"],"_links":{"self":[{"href":"https:\/\/lamendigapolitica.com\/index.php?rest_route=\/wp\/v2\/posts\/44226","targetHints":{"allow":["GET"]}}],"collection":[{"href":"https:\/\/lamendigapolitica.com\/index.php?rest_route=\/wp\/v2\/posts"}],"about":[{"href":"https:\/\/lamendigapolitica.com\/index.php?rest_route=\/wp\/v2\/types\/post"}],"author":[{"embeddable":true,"href":"https:\/\/lamendigapolitica.com\/index.php?rest_route=\/wp\/v2\/users\/1"}],"replies":[{"embeddable":true,"href":"https:\/\/lamendigapolitica.com\/index.php?rest_route=%2Fwp%2Fv2%2Fcomments&post=44226"}],"version-history":[{"count":1,"href":"https:\/\/lamendigapolitica.com\/index.php?rest_route=\/wp\/v2\/posts\/44226\/revisions"}],"predecessor-version":[{"id":44228,"href":"https:\/\/lamendigapolitica.com\/index.php?rest_route=\/wp\/v2\/posts\/44226\/revisions\/44228"}],"wp:attachment":[{"href":"https:\/\/lamendigapolitica.com\/index.php?rest_route=%2Fwp%2Fv2%2Fmedia&parent=44226"}],"wp:term":[{"taxonomy":"category","embeddable":true,"href":"https:\/\/lamendigapolitica.com\/index.php?rest_route=%2Fwp%2Fv2%2Fcategories&post=44226"},{"taxonomy":"post_tag","embeddable":true,"href":"https:\/\/lamendigapolitica.com\/index.php?rest_route=%2Fwp%2Fv2%2Ftags&post=44226"}],"curies":[{"name":"wp","href":"https:\/\/api.w.org\/{rel}","templated":true}]}}