{"id":44018,"date":"2016-11-29T08:31:28","date_gmt":"2016-11-29T14:31:28","guid":{"rendered":"http:\/\/lamendigapolitica.com\/blog\/?p=44018"},"modified":"2016-11-29T08:31:28","modified_gmt":"2016-11-29T14:31:28","slug":"ivonne-ortega-quiere-ser-candidata-en-2018","status":"publish","type":"post","link":"https:\/\/lamendigapolitica.com\/?p=44018","title":{"rendered":"Ivonne Ortega quiere ser candidata en 2018"},"content":{"rendered":"<p><a href=\"https:\/\/lamendigapolitica.com\/blog\/blog\/wp-content\/uploads\/2016\/11\/Ivone.jpg\" rel=\"attachment wp-att-44019\"><img loading=\"lazy\" decoding=\"async\" class=\"aligncenter  wp-image-44019\" src=\"https:\/\/lamendigapolitica.com\/blog\/blog\/wp-content\/uploads\/2016\/11\/Ivone.jpg\" alt=\"ivone\" width=\"342\" height=\"215\" \/><\/a><\/p>\n<p>&nbsp;<\/p>\n<p>A contracorriente de la tradici\u00f3n del tapado, la diputada federal Ivonne Ortega Pacheco admiti\u00f3 que quiere estar en la boleta de 2018. \u00a0\u201cQuiero apostar a ser la mejor oferta electoral del PRI\u201d, manifest\u00f3 la exgobernadora de Yucat\u00e1n, antes del discurso del presidente Enrique Pe\u00f1a Nieto, realizado ayer. En entrevista con Imagen Televisi\u00f3n, , coment\u00f3 que en 2018 estar\u00e1 a punto de cumplir 46 a\u00f1os.<\/p>\n<p>&nbsp;<\/p>\n<p>\u201cTengo 43. Soy presidenta de la Comisi\u00f3n de Comunicaci\u00f3n. Tengo una larga trayectoria, pero una corta vida pol\u00edtica, y una gran experiencia y, sobre todo, una fuerza que me da la juventud\u201d, se describi\u00f3. Presidenta municipal a los 25 a\u00f1os, lleg\u00f3 a la gubernatura de Yucat\u00e1n a los 34, iniciando en 2007 la racha de los triunfos estatales que llevar\u00edan a Enrique Pe\u00f1a a Los Pinos. \u201cEn la pol\u00edtica nunca es tarde para nada. Lo que cuenta es la decisi\u00f3n. Quiero llegar porque quiero cambiar la realidad de este pa\u00eds\u201d, argument\u00f3, relata Excelsior.<\/p>\n<p>&nbsp;<\/p>\n<p>La pri\u00edsta se dice experta en ganar elecciones internas y con cinco triunfos en comicios constitucionales, la exsecretaria general del PRI desestima las encuestas y habla de un escenario in\u00e9dito, en el que la competencia presidencial que viene se asemeja a una corrida de toros. \u201cTrump perdi\u00f3 la campa\u00f1a en las encuestas, pero gan\u00f3 la elecci\u00f3n. Hoy puede pasar cualquier cosa, ya nada est\u00e1 escrito\u201d.<\/p>\n<p>&nbsp;<\/p>\n<p>Al ser interrogada sobre si hay \u00bf espacio para dos mujeres en la competencia hacia 2018,dijo que\u00a0 \u201cOjal\u00e1 hubiera lugar para tres, para cuatro, para cinco, para m\u00e1s, porque no es un tema de g\u00e9nero. Tenemos que quitar la parte del tema de g\u00e9nero. Es un tema de capacidad para gobernar\u201d y record\u00f3 que con Margarita Zavala fueron compa\u00f1eras en la 59 Legislatura.<\/p>\n<p>&nbsp;<\/p>\n<p>\u201cNos toc\u00f3 ser diputadas federales. Luego ella ya fue presidenta del DIF nacional y yo gobernadora. Tengo respeto para ella y si estuvi\u00e9ramos en la contienda juntas o hubiera m\u00e1s mujeres, creo que evitar\u00edamos la guerra sucia\u201d. Dijo que los competidores del PRI deben ser medidos por su historia, congruencia, capacidad de gesti\u00f3n y lealtad.<\/p>\n<p>&nbsp;<\/p>\n<p>Cuestionada sobre si tiene posibilidades de ganarle a cuadros que representan la tecnocracia, afirm\u00f3 que\u00a0 \u201cPor supuesto. Y regresar a la pol\u00edtica. La pol\u00edtica es el que toma la decisi\u00f3n y se rodea del que sabe, del que ha estudiado, del que se ha documentado, del que tiene las cifras. Pero la decisi\u00f3n pol\u00edtica no puede ser sacrificada por una decisi\u00f3n t\u00e9cnica, una tecnocracia, como t\u00fa le quieras llamar\u201d, aleg\u00f3. Dijo que le gustar\u00eda una competencia priista abierta a la militancia y a los ciudadanos.<\/p>\n<p>&nbsp;<\/p>\n<p>Al defender su origen y su perfil, coment\u00f3: \u201cLa diferencia es que yo no lo viv\u00ed en un libro, me toc\u00f3 vivirlo. Yo s\u00e9, tuve que dejar de ir a la escuela porque mi pap\u00e1 quebr\u00f3 su empresa, casualmente la crisis del 82 . \u201cAl que no ha tenido un cargo de elecci\u00f3n popular, es muy f\u00e1cil tomar una decisi\u00f3n.\u00a0 \u00bfY porque me toc\u00f3 nacer en un pueblo de 3 mil habitantes no puedo gobernar un estado, o un pais? \u201c y de igual manera descart\u00f3 la v\u00eda de una candidatura independiente. \u201cEn este momento yo quiero reconstruir al PRI. Quiero que salga ese priista que llevamos dentro\u201d, plante\u00f3<\/p>\n","protected":false},"excerpt":{"rendered":"<p>&nbsp; A contracorriente de la tradici\u00f3n del tapado, la diputada federal Ivonne Ortega Pacheco admiti\u00f3 que quiere estar en la boleta de 2018. \u00a0\u201cQuiero apostar a ser la mejor oferta electoral del PRI\u201d, manifest\u00f3 la exgobernadora de Yucat\u00e1n, antes del discurso del presidente Enrique Pe\u00f1a Nieto, realizado ayer. En entrevista con Imagen Televisi\u00f3n, , coment\u00f3 &hellip; <\/p>\n<p><a class=\"more-link btn\" href=\"https:\/\/lamendigapolitica.com\/?p=44018\">Seguir leyendo<\/a><\/p>\n","protected":false},"author":1,"featured_media":0,"comment_status":"open","ping_status":"closed","sticky":false,"template":"","format":"standard","meta":{"footnotes":""},"categories":[6,20,5,3],"tags":[],"class_list":["post-44018","post","type-post","status-publish","format-standard","hentry","category-congreso","category-gobierno","category-partidos","category-politica","item-wrap"],"_links":{"self":[{"href":"https:\/\/lamendigapolitica.com\/index.php?rest_route=\/wp\/v2\/posts\/44018","targetHints":{"allow":["GET"]}}],"collection":[{"href":"https:\/\/lamendigapolitica.com\/index.php?rest_route=\/wp\/v2\/posts"}],"about":[{"href":"https:\/\/lamendigapolitica.com\/index.php?rest_route=\/wp\/v2\/types\/post"}],"author":[{"embeddable":true,"href":"https:\/\/lamendigapolitica.com\/index.php?rest_route=\/wp\/v2\/users\/1"}],"replies":[{"embeddable":true,"href":"https:\/\/lamendigapolitica.com\/index.php?rest_route=%2Fwp%2Fv2%2Fcomments&post=44018"}],"version-history":[{"count":1,"href":"https:\/\/lamendigapolitica.com\/index.php?rest_route=\/wp\/v2\/posts\/44018\/revisions"}],"predecessor-version":[{"id":44020,"href":"https:\/\/lamendigapolitica.com\/index.php?rest_route=\/wp\/v2\/posts\/44018\/revisions\/44020"}],"wp:attachment":[{"href":"https:\/\/lamendigapolitica.com\/index.php?rest_route=%2Fwp%2Fv2%2Fmedia&parent=44018"}],"wp:term":[{"taxonomy":"category","embeddable":true,"href":"https:\/\/lamendigapolitica.com\/index.php?rest_route=%2Fwp%2Fv2%2Fcategories&post=44018"},{"taxonomy":"post_tag","embeddable":true,"href":"https:\/\/lamendigapolitica.com\/index.php?rest_route=%2Fwp%2Fv2%2Ftags&post=44018"}],"curies":[{"name":"wp","href":"https:\/\/api.w.org\/{rel}","templated":true}]}}