{"id":43878,"date":"2016-11-26T17:16:47","date_gmt":"2016-11-26T23:16:47","guid":{"rendered":"http:\/\/lamendigapolitica.com\/blog\/?p=43878"},"modified":"2016-11-26T17:16:47","modified_gmt":"2016-11-26T23:16:47","slug":"fil-guadalajara-una-tentacion-para-los-politicos","status":"publish","type":"post","link":"https:\/\/lamendigapolitica.com\/?p=43878","title":{"rendered":"FIL Guadalajara una tentaci\u00f3n para los pol\u00edticos"},"content":{"rendered":"<p><a href=\"https:\/\/lamendigapolitica.com\/blog\/blog\/wp-content\/uploads\/2016\/11\/fil1-1.jpg\" rel=\"attachment wp-att-43877\"><img loading=\"lazy\" decoding=\"async\" class=\"aligncenter  wp-image-43877\" src=\"https:\/\/lamendigapolitica.com\/blog\/blog\/wp-content\/uploads\/2016\/11\/fil1-1.jpg\" alt=\"fil1\" width=\"405\" height=\"228\" \/><\/a><\/p>\n<p>&nbsp;<\/p>\n<p>En calidad de treinta\u00f1era\u00a0 inicia la Feria Internacional del Libro de Guadalajara trayendo y atrayendo como ha sucedido en los \u00faltimos a\u00f1os ya sea como autores de un libro, presentadores del t\u00edtulo de otro escritor o participantes en mesas de debate o conferencias, los pol\u00edticos.<\/p>\n<p>&nbsp;<\/p>\n<p>Entre hoy y ma\u00f1ana, por ejemplo, en los pasillos de la Expo Guadalajara cohabitar\u00e1n pol\u00edticos como los excandidatos presidenciales Cuauht\u00e9moc C\u00e1rdenas Sol\u00f3rzano y Josefina V\u00e1zquez Mota, la exprimera dama Margarita Zavala, el legislador Porfirio Mu\u00f1oz Ledo, el exgobernador de Sonora Manlio Fabio Beltrones, el exsecretario de Gobernaci\u00f3n Santiago Creel y el Jefe de Gobierno de la Ciudad de M\u00e9xico, Miguel \u00c1. Mancera.<\/p>\n<p>&nbsp;<\/p>\n<p>Como parte de los 650 escritores que se dar\u00e1n cita en esta edici\u00f3n que tiene como invitada de honor a Am\u00e9rica Latina, en la que se exhibir\u00e1 hasta el 4 de diciembre la oferta de dos mil editoriales de 44 pa\u00edses y se espera a m\u00e1s de 700 mil visitantes, los pol\u00edticos han hecho suya tambi\u00e9n esta iniciativa exitosa amparados en la pol\u00edtica de pluralidad y apertura del encuentro. \u201cCreo que m\u00e1s que los pol\u00edticos como tal, la feria es un escenario id\u00f3neo para reflexionar sobre los temas de actualidad. En la medida que el p\u00fablico se ha interesado en saber qu\u00e9 ocurre con los desaf\u00edos del presente y el futuro, los pol\u00edticos vieron que aqu\u00ed hab\u00eda un foro muy especial para presentar sus libros y plantear sus ideas\u201d, comenta en entrevista Marisol Schulz.<\/p>\n<p>&nbsp;<\/p>\n<p>La editora aclara que no es que este encuentro librero se haya politizado o inclinado hacia lo pol\u00edtico. \u201cLa asistencia de pol\u00edticos no es algo nuevo. Por lo menos ya hace m\u00e1s de 20 a\u00f1os que existe esta tendencia, sobre todo el a\u00f1o electorales. Pero no s\u00f3lo ocurre esto con la pol\u00edtica, tambi\u00e9n se presentan libros de salud, turismo, agronom\u00eda, autoayuda, sexualidad, literatura, de ni\u00f1os o de moda. No es una feria del libro literario, sino de todos\u201d, indica.<\/p>\n","protected":false},"excerpt":{"rendered":"<p>&nbsp; En calidad de treinta\u00f1era\u00a0 inicia la Feria Internacional del Libro de Guadalajara trayendo y atrayendo como ha sucedido en los \u00faltimos a\u00f1os ya sea como autores de un libro, presentadores del t\u00edtulo de otro escritor o participantes en mesas de debate o conferencias, los pol\u00edticos. &nbsp; Entre hoy y ma\u00f1ana, por ejemplo, en los &hellip; <\/p>\n<p><a class=\"more-link btn\" href=\"https:\/\/lamendigapolitica.com\/?p=43878\">Seguir leyendo<\/a><\/p>\n","protected":false},"author":1,"featured_media":0,"comment_status":"open","ping_status":"closed","sticky":false,"template":"","format":"standard","meta":{"footnotes":""},"categories":[26,20,5,3,22],"tags":[],"class_list":["post-43878","post","type-post","status-publish","format-standard","hentry","category-cultura","category-gobierno","category-partidos","category-politica","category-sociales","item-wrap"],"_links":{"self":[{"href":"https:\/\/lamendigapolitica.com\/index.php?rest_route=\/wp\/v2\/posts\/43878","targetHints":{"allow":["GET"]}}],"collection":[{"href":"https:\/\/lamendigapolitica.com\/index.php?rest_route=\/wp\/v2\/posts"}],"about":[{"href":"https:\/\/lamendigapolitica.com\/index.php?rest_route=\/wp\/v2\/types\/post"}],"author":[{"embeddable":true,"href":"https:\/\/lamendigapolitica.com\/index.php?rest_route=\/wp\/v2\/users\/1"}],"replies":[{"embeddable":true,"href":"https:\/\/lamendigapolitica.com\/index.php?rest_route=%2Fwp%2Fv2%2Fcomments&post=43878"}],"version-history":[{"count":1,"href":"https:\/\/lamendigapolitica.com\/index.php?rest_route=\/wp\/v2\/posts\/43878\/revisions"}],"predecessor-version":[{"id":43879,"href":"https:\/\/lamendigapolitica.com\/index.php?rest_route=\/wp\/v2\/posts\/43878\/revisions\/43879"}],"wp:attachment":[{"href":"https:\/\/lamendigapolitica.com\/index.php?rest_route=%2Fwp%2Fv2%2Fmedia&parent=43878"}],"wp:term":[{"taxonomy":"category","embeddable":true,"href":"https:\/\/lamendigapolitica.com\/index.php?rest_route=%2Fwp%2Fv2%2Fcategories&post=43878"},{"taxonomy":"post_tag","embeddable":true,"href":"https:\/\/lamendigapolitica.com\/index.php?rest_route=%2Fwp%2Fv2%2Ftags&post=43878"}],"curies":[{"name":"wp","href":"https:\/\/api.w.org\/{rel}","templated":true}]}}