{"id":42821,"date":"2016-10-31T23:46:07","date_gmt":"2016-11-01T05:46:07","guid":{"rendered":"http:\/\/lamendigapolitica.com\/blog\/?p=42821"},"modified":"2016-10-31T23:46:07","modified_gmt":"2016-11-01T05:46:07","slug":"formalizan-creacion-de-fuerza-unica-metropolitana-y-agencia-metropolitana-de-seguridad","status":"publish","type":"post","link":"https:\/\/lamendigapolitica.com\/?p=42821","title":{"rendered":"Formalizan creaci\u00f3n de Fuerza \u00danica Metropolitana y Agencia Metropolitana de Seguridad"},"content":{"rendered":"<p><a href=\"https:\/\/lamendigapolitica.com\/blog\/blog\/wp-content\/uploads\/2016\/10\/30068464343_f02e526a31_z.jpg\" rel=\"attachment wp-att-42822\"><img loading=\"lazy\" decoding=\"async\" class=\"aligncenter  wp-image-42822\" src=\"https:\/\/lamendigapolitica.com\/blog\/blog\/wp-content\/uploads\/2016\/10\/30068464343_f02e526a31_z.jpg\" alt=\"30068464343_f02e526a31_z\" width=\"402\" height=\"255\" \/><\/a><\/p>\n<p>&nbsp;<\/p>\n<p>El Gobernador del Estado, Arist\u00f3teles Sandoval, y los presidentes municipales de Guadalajara, Zapopan, San Pedro Tlaquepaque, Tonal\u00e1, Tlajomulco de Z\u00fa\u00f1iga, El Salto, Juanacatl\u00e1n, Ixtlahuac\u00e1n de los Membrillos y Zapotlanejo, firmaron los convenios que oficializan la creaci\u00f3n de la Fuerza \u00danica Metropolitana (FUM) y la Agencia Metropolitana de Seguridad (AMS), durante la sesi\u00f3n de la Junta de Coordinaci\u00f3n Metropolitana del \u00c1rea Metropolitana de Guadalajara (AMG).<\/p>\n<p>\u201cHoy el pensar de manera integral en una Agencia Metropolitana, donde armonicemos visiones, pol\u00edticas, acciones, diagn\u00f3stico, el poder intercambiar informaci\u00f3n, inteligencia, homologar la comunicaci\u00f3n, no es posible que cada polic\u00eda tenga inclusive claves diferentes, que no tengamos un canal de comunicaci\u00f3n efectivo, eficiente, donde la frontera sea una calle, una avenida, un parque, no es posible que esa sea tierra de nadie\u201d, destac\u00f3 Sandoval durante la firma de ambos convenios, se\u00f1al\u00f3 Sandoval D\u00edaz .<\/p>\n<p>&nbsp;<\/p>\n<p>El Gobernador de Jalisco felicit\u00f3 a los nueve presidentes municipales por el trabajo realizado para la conformaci\u00f3n de ambas instancias: FUM y AMS y celebr\u00f3 la unidad manifestada por los actores involucrados para dar validez jur\u00eddica a la operaci\u00f3n y funciones t\u00e9cnicas de un modelo de seguridad que tendr\u00e1 como principal objetivo proteger y velar por la seguridad de las personas.<\/p>\n<p>&nbsp;<\/p>\n<p>Dentro de su discurso Arist\u00f3teles Sandoval tambi\u00e9n se pronunci\u00f3 sobre las alusiones del Gobierno de Guadalajara respecto a que el Gobierno de Jalisco co act\u00faa para afectar la imagen del gobierno municipal de Guadalajara, \u201cy se lo digo al se\u00f1or presidente municipal, somos aliados y solidarios del municipio de Guadalajara y de todos los municipios, no hemos regateado en lo m\u00e1s m\u00ednimo todo el apoyo a cada uno de ustedes, y no puedo permitir que se siga se\u00f1alado culpables en mi gobierno, donde no lo hay, los culpables no van a aclarar las cosas\u201d,<\/p>\n<p>&nbsp;<\/p>\n<p>De igual manera pidi\u00f3 que se aclare la existencia de los dos ex\u00e1menes de control y confianza, con resultados distintos, del Comisario de Seguridad de Guadalajara, para dar certeza a los habitantes de Guadalajara.<\/p>\n","protected":false},"excerpt":{"rendered":"<p>&nbsp; El Gobernador del Estado, Arist\u00f3teles Sandoval, y los presidentes municipales de Guadalajara, Zapopan, San Pedro Tlaquepaque, Tonal\u00e1, Tlajomulco de Z\u00fa\u00f1iga, El Salto, Juanacatl\u00e1n, Ixtlahuac\u00e1n de los Membrillos y Zapotlanejo, firmaron los convenios que oficializan la creaci\u00f3n de la Fuerza \u00danica Metropolitana (FUM) y la Agencia Metropolitana de Seguridad (AMS), durante la sesi\u00f3n de la &hellip; <\/p>\n<p><a class=\"more-link btn\" href=\"https:\/\/lamendigapolitica.com\/?p=42821\">Seguir leyendo<\/a><\/p>\n","protected":false},"author":1,"featured_media":0,"comment_status":"open","ping_status":"closed","sticky":false,"template":"","format":"standard","meta":{"footnotes":""},"categories":[6,20,5,3,27],"tags":[],"class_list":["post-42821","post","type-post","status-publish","format-standard","hentry","category-congreso","category-gobierno","category-partidos","category-politica","category-seguridad","item-wrap"],"_links":{"self":[{"href":"https:\/\/lamendigapolitica.com\/index.php?rest_route=\/wp\/v2\/posts\/42821","targetHints":{"allow":["GET"]}}],"collection":[{"href":"https:\/\/lamendigapolitica.com\/index.php?rest_route=\/wp\/v2\/posts"}],"about":[{"href":"https:\/\/lamendigapolitica.com\/index.php?rest_route=\/wp\/v2\/types\/post"}],"author":[{"embeddable":true,"href":"https:\/\/lamendigapolitica.com\/index.php?rest_route=\/wp\/v2\/users\/1"}],"replies":[{"embeddable":true,"href":"https:\/\/lamendigapolitica.com\/index.php?rest_route=%2Fwp%2Fv2%2Fcomments&post=42821"}],"version-history":[{"count":1,"href":"https:\/\/lamendigapolitica.com\/index.php?rest_route=\/wp\/v2\/posts\/42821\/revisions"}],"predecessor-version":[{"id":42823,"href":"https:\/\/lamendigapolitica.com\/index.php?rest_route=\/wp\/v2\/posts\/42821\/revisions\/42823"}],"wp:attachment":[{"href":"https:\/\/lamendigapolitica.com\/index.php?rest_route=%2Fwp%2Fv2%2Fmedia&parent=42821"}],"wp:term":[{"taxonomy":"category","embeddable":true,"href":"https:\/\/lamendigapolitica.com\/index.php?rest_route=%2Fwp%2Fv2%2Fcategories&post=42821"},{"taxonomy":"post_tag","embeddable":true,"href":"https:\/\/lamendigapolitica.com\/index.php?rest_route=%2Fwp%2Fv2%2Ftags&post=42821"}],"curies":[{"name":"wp","href":"https:\/\/api.w.org\/{rel}","templated":true}]}}