{"id":42323,"date":"2016-10-18T18:38:33","date_gmt":"2016-10-18T23:38:33","guid":{"rendered":"http:\/\/lamendigapolitica.com\/blog\/?p=42323"},"modified":"2016-10-18T18:38:33","modified_gmt":"2016-10-18T23:38:33","slug":"detienen-a-dos-por-mutilacion-de-seis-personas-en-tlaquepaque","status":"publish","type":"post","link":"https:\/\/lamendigapolitica.com\/?p=42323","title":{"rendered":"Detienen a dos por mutilaci\u00f3n de seis personas en Tlaquepaque"},"content":{"rendered":"<p><a href=\"https:\/\/lamendigapolitica.com\/blog\/blog\/wp-content\/uploads\/2016\/10\/tlaque.jpg\" rel=\"attachment wp-att-42324\"><img loading=\"lazy\" decoding=\"async\" class=\"aligncenter  wp-image-42324\" src=\"https:\/\/lamendigapolitica.com\/blog\/blog\/wp-content\/uploads\/2016\/10\/tlaque.jpg\" alt=\"tlaque\" width=\"369\" height=\"237\" \/><\/a><\/p>\n<p>&nbsp;<\/p>\n<p>Un hombre y una mujer fueron detenidos \u00a0por su presunto v\u00ednculo con la mutilaci\u00f3n de las manos de seis delincuentes, as\u00ed como un muerto hallados en Tlaquepaque, Jalisco.<\/p>\n<p>&nbsp;<\/p>\n<p>Los detenidos fueron aprehendidas en una finca, que ya fue asegurada, y que donde al parecer se realizaron las mutilaciones de las seis personas encontradas en la colonia Solidaridad, inform\u00f3 en conferencia de prensa el fiscal General de Jalisco, Eduardo Almaguer Ram\u00edrez. Fue a partir de esta detenci\u00f3n como se averigu\u00f3 qui\u00e9nes ordenaron el acto en el que tambi\u00e9n se asesin\u00f3 a una persona, al parecer son los l\u00edderes de una c\u00e9lula criminal a la que pertenec\u00edan las v\u00edctimas.<\/p>\n<p>&nbsp;<\/p>\n<p>Los seis mutilados (cinco hombres y una mujer) y la persona asesinada, fueron identificados como Jos\u00e9 Luis \u201cN\u201d, de 33 a\u00f1os de edad; Jes\u00fas Eduardo \u201cN\u201d, de 30 a\u00f1os; Rigoberto \u201cN\u201d, de 44 a\u00f1os; Cristopher Salcador \u201cN\u201d, de 24 a\u00f1os; Araceli \u201cN\u201d o Emilia Araceli \u201cN\u201d, de 44 a\u00f1os; Ismael \u201cN\u201d, de 38 a\u00f1os y el occiso es Rafael \u201cN\u201d, de 39 a\u00f1os y pareja de Araceli. Todos ten\u00edan antecedentes penales por robo, asalto y narcomenudeo.<\/p>\n<p>&nbsp;<\/p>\n<p>Se cree que existi\u00f3 un doble motivo en mutilarlas y dejarlas vivas: castigarlos por no pagar la droga que se les entreg\u00f3 para vender, y ponerlos como ejemplo para el resto de narcomenudistas para que paguen, detall\u00f3 el fiscal de Jalisco. La persona asesinada era quien encabezaba el grupo de siete. Todos fueron privados de la libertad hacia el mediod\u00eda en Guadalajara y El Salto.<\/p>\n<p>&nbsp;<\/p>\n<p>Las autoridades ya implementaron un operativo de b\u00fasqueda para encontrar a otros miembros del grupo delictivo responsable de esto, en tanto los mutilados siguen bajo atenci\u00f3n m\u00e9dica.\u00a0 (Con informaci\u00f3n de 24 Horas).<\/p>\n","protected":false},"excerpt":{"rendered":"<p>&nbsp; Un hombre y una mujer fueron detenidos \u00a0por su presunto v\u00ednculo con la mutilaci\u00f3n de las manos de seis delincuentes, as\u00ed como un muerto hallados en Tlaquepaque, Jalisco. &nbsp; Los detenidos fueron aprehendidas en una finca, que ya fue asegurada, y que donde al parecer se realizaron las mutilaciones de las seis personas encontradas &hellip; <\/p>\n<p><a class=\"more-link btn\" href=\"https:\/\/lamendigapolitica.com\/?p=42323\">Seguir leyendo<\/a><\/p>\n","protected":false},"author":1,"featured_media":0,"comment_status":"open","ping_status":"closed","sticky":false,"template":"","format":"standard","meta":{"footnotes":""},"categories":[6,20,5,3,27],"tags":[],"class_list":["post-42323","post","type-post","status-publish","format-standard","hentry","category-congreso","category-gobierno","category-partidos","category-politica","category-seguridad","item-wrap"],"_links":{"self":[{"href":"https:\/\/lamendigapolitica.com\/index.php?rest_route=\/wp\/v2\/posts\/42323","targetHints":{"allow":["GET"]}}],"collection":[{"href":"https:\/\/lamendigapolitica.com\/index.php?rest_route=\/wp\/v2\/posts"}],"about":[{"href":"https:\/\/lamendigapolitica.com\/index.php?rest_route=\/wp\/v2\/types\/post"}],"author":[{"embeddable":true,"href":"https:\/\/lamendigapolitica.com\/index.php?rest_route=\/wp\/v2\/users\/1"}],"replies":[{"embeddable":true,"href":"https:\/\/lamendigapolitica.com\/index.php?rest_route=%2Fwp%2Fv2%2Fcomments&post=42323"}],"version-history":[{"count":1,"href":"https:\/\/lamendigapolitica.com\/index.php?rest_route=\/wp\/v2\/posts\/42323\/revisions"}],"predecessor-version":[{"id":42325,"href":"https:\/\/lamendigapolitica.com\/index.php?rest_route=\/wp\/v2\/posts\/42323\/revisions\/42325"}],"wp:attachment":[{"href":"https:\/\/lamendigapolitica.com\/index.php?rest_route=%2Fwp%2Fv2%2Fmedia&parent=42323"}],"wp:term":[{"taxonomy":"category","embeddable":true,"href":"https:\/\/lamendigapolitica.com\/index.php?rest_route=%2Fwp%2Fv2%2Fcategories&post=42323"},{"taxonomy":"post_tag","embeddable":true,"href":"https:\/\/lamendigapolitica.com\/index.php?rest_route=%2Fwp%2Fv2%2Ftags&post=42323"}],"curies":[{"name":"wp","href":"https:\/\/api.w.org\/{rel}","templated":true}]}}