{"id":41841,"date":"2016-10-06T09:18:32","date_gmt":"2016-10-06T14:18:32","guid":{"rendered":"http:\/\/lamendigapolitica.com\/blog\/?p=41841"},"modified":"2016-10-06T09:18:45","modified_gmt":"2016-10-06T14:18:45","slug":"no-quitaran-registro-al-pvem","status":"publish","type":"post","link":"https:\/\/lamendigapolitica.com\/?p=41841","title":{"rendered":"No quitar\u00e1n registro al PVEM"},"content":{"rendered":"<p><a href=\"https:\/\/lamendigapolitica.com\/blog\/blog\/wp-content\/uploads\/2016\/10\/verde.jpg\" rel=\"attachment wp-att-41842\"><img loading=\"lazy\" decoding=\"async\" class=\"aligncenter wp-image-41842\" src=\"https:\/\/lamendigapolitica.com\/blog\/blog\/wp-content\/uploads\/2016\/10\/verde.jpg\" alt=\"verde\" width=\"348\" height=\"231\" \/><\/a><\/p>\n<p>&nbsp;<\/p>\n<p>El Tribunal Electoral del Poder Judicial de la Federaci\u00f3n (TEPJF) ratific\u00f3 la negativa del Instituto Nacional Electoral (INE) para retirarle el registro al Partido Verde Ecologista de M\u00e9xico (PVEM) por sus reiteradas violaciones a la ley durante las elecciones de diputados federales 2015, publica hoy 24 Horas.<\/p>\n<p>&nbsp;<\/p>\n<p>El asunto data de abril de 2015 cuando un c\u00famulo de ciudadanos, encabezados por los acad\u00e9micos Sergio Aguayo y Denisse Dresser, entregaron al \u00f3rgano electoral federal m\u00e1s de 140 mil firmas con la petici\u00f3n de retirarle el registro al Verde Ecologista por el despliegue de una estrategia ilegal de promoci\u00f3n, la cual, le vali\u00f3 multas superiores a los 20 millones de pesos. A su vez, el 12 de agosto de 2015, el INE resolvi\u00f3 la queja ciudadana y concluy\u00f3 que las faltas del PVEM, aunque sistem\u00e1ticas, no ten\u00edan la gravedad para quitarle el registro.<\/p>\n<p>&nbsp;<\/p>\n<p>Y m\u00e1s de un a\u00f1o despu\u00e9s, el Tribunal Electoral resolvi\u00f3 el asunto y por unanimidad de los magistrados, aval\u00f3 la resoluci\u00f3n del Instituto Nacional Electoral de que las faltas del Verde Ecologista no conjugan la p\u00e9rdida de registro. Al respecto, el magistrado Salvador Nava dijo que el \u201cproyecto coincide con el INE en el sentido de que no se actualiza la hip\u00f3tesis legal de p\u00e9rdida de registro por las conductas cometidas por el PVEM\u201d. Abund\u00f3 que \u201clas conductas ya fueron sancionadas y en su mayor\u00eda fueron clasificadas de una gravedad ordinaria, m\u00e1s no especial\u201d.<\/p>\n<p>&nbsp;<\/p>\n<p>Por su parte, la magistrada Mar\u00eda del Carmen Alanis manifest\u00f3 que \u201clas violaciones al orden constitucional y legal en que incurri\u00f3 el Partido Verde fueron investigadas, sancionadas y se tomaron todas las medidas para que el proceso electoral referido pudiera seguir su cauce\u201d. Para el magistrado Pedro Esteban Penagos, \u201cno es factible declarar la perdida de registro, se trata de una medida extrema que trasciende al car\u00e1cter fundamental que tienen los partidos pol\u00edticos en la vida democr\u00e1tica de nuestro pa\u00eds\u201d.<\/p>\n<p>&nbsp;<\/p>\n<p>A\u00f1adi\u00f3 que el \u201csancionar con la p\u00e9rdida del registro de un partido pol\u00edtico es cerrarles una puerta a los ciudadanos y en principio son los ciudadanos los que con su voto pueden castigar a un partido pol\u00edtico con la p\u00e9rdida de su registro\u201d.<\/p>\n","protected":false},"excerpt":{"rendered":"<p>&nbsp; El Tribunal Electoral del Poder Judicial de la Federaci\u00f3n (TEPJF) ratific\u00f3 la negativa del Instituto Nacional Electoral (INE) para retirarle el registro al Partido Verde Ecologista de M\u00e9xico (PVEM) por sus reiteradas violaciones a la ley durante las elecciones de diputados federales 2015, publica hoy 24 Horas. &nbsp; El asunto data de abril de &hellip; <\/p>\n<p><a class=\"more-link btn\" href=\"https:\/\/lamendigapolitica.com\/?p=41841\">Seguir leyendo<\/a><\/p>\n","protected":false},"author":1,"featured_media":0,"comment_status":"open","ping_status":"closed","sticky":false,"template":"","format":"standard","meta":{"footnotes":""},"categories":[6,20,5,3],"tags":[],"class_list":["post-41841","post","type-post","status-publish","format-standard","hentry","category-congreso","category-gobierno","category-partidos","category-politica","item-wrap"],"_links":{"self":[{"href":"https:\/\/lamendigapolitica.com\/index.php?rest_route=\/wp\/v2\/posts\/41841","targetHints":{"allow":["GET"]}}],"collection":[{"href":"https:\/\/lamendigapolitica.com\/index.php?rest_route=\/wp\/v2\/posts"}],"about":[{"href":"https:\/\/lamendigapolitica.com\/index.php?rest_route=\/wp\/v2\/types\/post"}],"author":[{"embeddable":true,"href":"https:\/\/lamendigapolitica.com\/index.php?rest_route=\/wp\/v2\/users\/1"}],"replies":[{"embeddable":true,"href":"https:\/\/lamendigapolitica.com\/index.php?rest_route=%2Fwp%2Fv2%2Fcomments&post=41841"}],"version-history":[{"count":1,"href":"https:\/\/lamendigapolitica.com\/index.php?rest_route=\/wp\/v2\/posts\/41841\/revisions"}],"predecessor-version":[{"id":41843,"href":"https:\/\/lamendigapolitica.com\/index.php?rest_route=\/wp\/v2\/posts\/41841\/revisions\/41843"}],"wp:attachment":[{"href":"https:\/\/lamendigapolitica.com\/index.php?rest_route=%2Fwp%2Fv2%2Fmedia&parent=41841"}],"wp:term":[{"taxonomy":"category","embeddable":true,"href":"https:\/\/lamendigapolitica.com\/index.php?rest_route=%2Fwp%2Fv2%2Fcategories&post=41841"},{"taxonomy":"post_tag","embeddable":true,"href":"https:\/\/lamendigapolitica.com\/index.php?rest_route=%2Fwp%2Fv2%2Ftags&post=41841"}],"curies":[{"name":"wp","href":"https:\/\/api.w.org\/{rel}","templated":true}]}}