{"id":41636,"date":"2016-09-30T20:58:26","date_gmt":"2016-10-01T01:58:26","guid":{"rendered":"http:\/\/lamendigapolitica.com\/blog\/?p=41636"},"modified":"2016-09-30T20:58:26","modified_gmt":"2016-10-01T01:58:26","slug":"avanza-estrategia-interinstitucional-de-seguridad-en-amg","status":"publish","type":"post","link":"https:\/\/lamendigapolitica.com\/?p=41636","title":{"rendered":"Avanza estrategia interinstitucional de seguridad en AMG"},"content":{"rendered":"<p><a href=\"https:\/\/lamendigapolitica.com\/blog\/blog\/wp-content\/uploads\/2016\/09\/polis.jpg\" rel=\"attachment wp-att-41637\"><img loading=\"lazy\" decoding=\"async\" class=\"aligncenter  wp-image-41637\" src=\"https:\/\/lamendigapolitica.com\/blog\/blog\/wp-content\/uploads\/2016\/09\/polis.jpg\" alt=\"polis\" width=\"389\" height=\"253\" \/><\/a><\/p>\n<p>&nbsp;<\/p>\n<p>A un mes de iniciada la estrategia del Gobierno de la Rep\u00fablica para combatir el delito en 50 municipios prioritarios del pa\u00eds, autoridades de los tres niveles de gobierno se reunieron para evaluar los avances que se han registrado en el \u00c1rea Metropolitana de Guadalajara, informando que las corporaciones han reunido informaci\u00f3n de inteligencia, lo que ha permitido completar un diagn\u00f3stico de cu\u00e1les son las actividades delictivas que se dan en el \u00e1rea metropolitana, las zonas y horarios en los que hay mayor incidencia de los delitos.<\/p>\n<p>&nbsp;<\/p>\n<p>Estuvieron presentes \u00a0autoridades de primer nivel de la Secretar\u00eda de Gobernaci\u00f3n (Segob), Secretar\u00eda de Defensa Nacional (Sedena), la Procuradur\u00eda General de la Rep\u00fablica (PGR), la Secretar\u00eda General de Gobierno de Jalisco, la Fiscal\u00eda General del Estado, as\u00ed como los gobiernos municipales de Guadalajara, Zapopan, Tlaquepaque, Tonal\u00e1 y Tlajomulco quienes realizaron una revisi\u00f3n de las labores que se han implementado.<\/p>\n<p>&nbsp;<\/p>\n<p>\u201cLa voluntad de coordinaci\u00f3n que ha habido por parte de los municipios y el apoyo de las fuerzas federales para atacar los \u00edndices de delito que m\u00e1s aquejan a los ciudadanos del \u00e1rea metropolitana\u201d, afirm\u00f3 el secretario general de Gobierno, Roberto L\u00f3pez Lara. Mientras que el alcalde de Zapopan, Pablo Lemus, en concordancia con sus hom\u00f3logos, subray\u00f3 los resultados que est\u00e1 teniendo la estrategia, \u201cCon la mera presencia de elementos del ej\u00e9rcito y dem\u00e1s corporaciones, lo que nos est\u00e1 reportando la ciudadan\u00eda es que se est\u00e1 teniendo un efecto disuasorio de la actividad delictiva\u201d, dijo el primer edil.<\/p>\n<p>&nbsp;<\/p>\n<p>Las autoridades destacaron la importancia de invitar a la ciudadan\u00eda a ejercer su derecho a la denuncia an\u00f3nima a trav\u00e9s del 086, n\u00famero en donde pueden informar de delitos o actividades sospechosas. Esto con el fin de que se active a los elementos a disposici\u00f3n que se tienen por parte de las autoridades de los tres niveles y, de esta manera, seguir avanzando en el combate al delito.<\/p>\n","protected":false},"excerpt":{"rendered":"<p>&nbsp; A un mes de iniciada la estrategia del Gobierno de la Rep\u00fablica para combatir el delito en 50 municipios prioritarios del pa\u00eds, autoridades de los tres niveles de gobierno se reunieron para evaluar los avances que se han registrado en el \u00c1rea Metropolitana de Guadalajara, informando que las corporaciones han reunido informaci\u00f3n de inteligencia, &hellip; <\/p>\n<p><a class=\"more-link btn\" href=\"https:\/\/lamendigapolitica.com\/?p=41636\">Seguir leyendo<\/a><\/p>\n","protected":false},"author":1,"featured_media":0,"comment_status":"open","ping_status":"closed","sticky":false,"template":"","format":"standard","meta":{"footnotes":""},"categories":[6,20,5,3],"tags":[],"class_list":["post-41636","post","type-post","status-publish","format-standard","hentry","category-congreso","category-gobierno","category-partidos","category-politica","item-wrap"],"_links":{"self":[{"href":"https:\/\/lamendigapolitica.com\/index.php?rest_route=\/wp\/v2\/posts\/41636","targetHints":{"allow":["GET"]}}],"collection":[{"href":"https:\/\/lamendigapolitica.com\/index.php?rest_route=\/wp\/v2\/posts"}],"about":[{"href":"https:\/\/lamendigapolitica.com\/index.php?rest_route=\/wp\/v2\/types\/post"}],"author":[{"embeddable":true,"href":"https:\/\/lamendigapolitica.com\/index.php?rest_route=\/wp\/v2\/users\/1"}],"replies":[{"embeddable":true,"href":"https:\/\/lamendigapolitica.com\/index.php?rest_route=%2Fwp%2Fv2%2Fcomments&post=41636"}],"version-history":[{"count":1,"href":"https:\/\/lamendigapolitica.com\/index.php?rest_route=\/wp\/v2\/posts\/41636\/revisions"}],"predecessor-version":[{"id":41638,"href":"https:\/\/lamendigapolitica.com\/index.php?rest_route=\/wp\/v2\/posts\/41636\/revisions\/41638"}],"wp:attachment":[{"href":"https:\/\/lamendigapolitica.com\/index.php?rest_route=%2Fwp%2Fv2%2Fmedia&parent=41636"}],"wp:term":[{"taxonomy":"category","embeddable":true,"href":"https:\/\/lamendigapolitica.com\/index.php?rest_route=%2Fwp%2Fv2%2Fcategories&post=41636"},{"taxonomy":"post_tag","embeddable":true,"href":"https:\/\/lamendigapolitica.com\/index.php?rest_route=%2Fwp%2Fv2%2Ftags&post=41636"}],"curies":[{"name":"wp","href":"https:\/\/api.w.org\/{rel}","templated":true}]}}