{"id":41617,"date":"2016-09-30T09:55:39","date_gmt":"2016-09-30T14:55:39","guid":{"rendered":"http:\/\/lamendigapolitica.com\/blog\/?p=41617"},"modified":"2016-09-30T09:55:39","modified_gmt":"2016-09-30T14:55:39","slug":"lideres-de-todo-el-mundo-dan-el-ultimo-adios-a-shimon-peres","status":"publish","type":"post","link":"https:\/\/lamendigapolitica.com\/?p=41617","title":{"rendered":"L\u00edderes de todo el mundo dan el \u00faltimo adi\u00f3s a Shimon Peres"},"content":{"rendered":"<p><a href=\"https:\/\/lamendigapolitica.com\/blog\/blog\/wp-content\/uploads\/2016\/09\/Simon.jpg\" rel=\"attachment wp-att-41618\"><img loading=\"lazy\" decoding=\"async\" class=\"aligncenter  wp-image-41618\" src=\"https:\/\/lamendigapolitica.com\/blog\/blog\/wp-content\/uploads\/2016\/09\/Simon.jpg\" alt=\"simon\" width=\"391\" height=\"260\" \/><\/a><\/p>\n<p>&nbsp;<\/p>\n<p>La ceremonia para rendirle el \u00faltimo adi\u00f3s al ex presidente de Israel, Shimon Peres, inici\u00f3 la ma\u00f1ana de este viernes en Jerusal\u00e9n con la presencia de decenas de l\u00edderes mundiales y reconocidas personalidades pol\u00edticas. La \u00faltima vez que se llev\u00f3 a cabo un funeral de alto perfil en Israel fue en 1995 tras el asesinato de Isaac Rabin, socio de Peres en la negociaci\u00f3n de los acuerdos de Oslo, para alcanzar un acuerdo de paz con los palestinos. El presidente estadunidense Barack Obama encabeza una larga lista de dignatarios internacionales que asisten al evento, y hablar\u00e1 en la ceremonia, junto con los tres hijos de Peres y el primer ministro Benjamin Netanyahu y presidente de Israel, Itzhak Herzog.<\/p>\n<p>&nbsp;<\/p>\n<p>El mandatario franc\u00e9s Francois Hollande, el presidente alem\u00e1n Joachim Gauck, el mandatario mexicano Enrique Pe\u00f1a Nieto, la candidata dem\u00f3crata la presidencia de Estados Unidos, Hillary Clinton, y decenas de otros l\u00edderes mundiales est\u00e1n presentes en el funera. Tambi\u00e9n asiste el l\u00edder palestino, Mahmoud Abbas, que visita Israel por primera vez desde 2010 y quiere \u201cenviar un fuerte mensaje a la sociedad israel\u00ed de que los palestinos est\u00e1n hechos para la paz, y aprecian los esfuerzos de los hombres pac\u00edficos como Peres\u201d. Mientras tanto, una masiva operaci\u00f3n de seguridad se ha llevado hasta ahora, que ha incluido decenas de las \u201cdetenciones preventivas\u201d.<\/p>\n<p>&nbsp;<\/p>\n<p>La polic\u00eda israel\u00ed ha desplegado un dispositivo especial con miles de agentes del orden y de la Guardia de Fronteras en diversos puntos de Jerusal\u00e9n para garantizar que los actos se desarrollen sin incidentes. Del mismo modo, los servicios de seguridad preparan un dispositivo para garantizar el desplazamiento de mandatarios, as\u00ed como el aterrizaje y despegue en unas pocas horas. La polic\u00eda israel\u00ed especific\u00f3 que ocho mil agentes han sido desplegados para la operaci\u00f3n de seguridad, mientras el jefe de la instituci\u00f3n Roni Alsheikh se\u00f1al\u00f3 que era \u201cuna operaci\u00f3n a gran escala sin precedentes\u201d en la historia del pa\u00eds.<\/p>\n<p>&nbsp;<\/p>\n<p>Peres ser\u00e1 enterrado en el cementerio nacional de Monte Herzl, un homenaje al que asisten l\u00edderes de todo el mundo que reconocen su tenacidad, su visi\u00f3n y la valent\u00eda que mostr\u00f3 al impulsar un proceso de paz con los palestinos.<\/p>\n","protected":false},"excerpt":{"rendered":"<p>&nbsp; La ceremonia para rendirle el \u00faltimo adi\u00f3s al ex presidente de Israel, Shimon Peres, inici\u00f3 la ma\u00f1ana de este viernes en Jerusal\u00e9n con la presencia de decenas de l\u00edderes mundiales y reconocidas personalidades pol\u00edticas. La \u00faltima vez que se llev\u00f3 a cabo un funeral de alto perfil en Israel fue en 1995 tras el &hellip; <\/p>\n<p><a class=\"more-link btn\" href=\"https:\/\/lamendigapolitica.com\/?p=41617\">Seguir leyendo<\/a><\/p>\n","protected":false},"author":1,"featured_media":0,"comment_status":"open","ping_status":"closed","sticky":false,"template":"","format":"standard","meta":{"footnotes":""},"categories":[20,31,3],"tags":[],"class_list":["post-41617","post","type-post","status-publish","format-standard","hentry","category-gobierno","category-internacional","category-politica","item-wrap"],"_links":{"self":[{"href":"https:\/\/lamendigapolitica.com\/index.php?rest_route=\/wp\/v2\/posts\/41617","targetHints":{"allow":["GET"]}}],"collection":[{"href":"https:\/\/lamendigapolitica.com\/index.php?rest_route=\/wp\/v2\/posts"}],"about":[{"href":"https:\/\/lamendigapolitica.com\/index.php?rest_route=\/wp\/v2\/types\/post"}],"author":[{"embeddable":true,"href":"https:\/\/lamendigapolitica.com\/index.php?rest_route=\/wp\/v2\/users\/1"}],"replies":[{"embeddable":true,"href":"https:\/\/lamendigapolitica.com\/index.php?rest_route=%2Fwp%2Fv2%2Fcomments&post=41617"}],"version-history":[{"count":1,"href":"https:\/\/lamendigapolitica.com\/index.php?rest_route=\/wp\/v2\/posts\/41617\/revisions"}],"predecessor-version":[{"id":41619,"href":"https:\/\/lamendigapolitica.com\/index.php?rest_route=\/wp\/v2\/posts\/41617\/revisions\/41619"}],"wp:attachment":[{"href":"https:\/\/lamendigapolitica.com\/index.php?rest_route=%2Fwp%2Fv2%2Fmedia&parent=41617"}],"wp:term":[{"taxonomy":"category","embeddable":true,"href":"https:\/\/lamendigapolitica.com\/index.php?rest_route=%2Fwp%2Fv2%2Fcategories&post=41617"},{"taxonomy":"post_tag","embeddable":true,"href":"https:\/\/lamendigapolitica.com\/index.php?rest_route=%2Fwp%2Fv2%2Ftags&post=41617"}],"curies":[{"name":"wp","href":"https:\/\/api.w.org\/{rel}","templated":true}]}}