{"id":41528,"date":"2016-09-28T08:56:46","date_gmt":"2016-09-28T13:56:46","guid":{"rendered":"http:\/\/lamendigapolitica.com\/blog\/?p=41528"},"modified":"2016-09-28T08:56:46","modified_gmt":"2016-09-28T13:56:46","slug":"papa-dedica-pensamiento-especial-a-sacerdotes-asesinados-en-mexico","status":"publish","type":"post","link":"https:\/\/lamendigapolitica.com\/?p=41528","title":{"rendered":"Papa dedica pensamiento especial a sacerdotes asesinados en M\u00e9xico"},"content":{"rendered":"<p><a href=\"https:\/\/lamendigapolitica.com\/blog\/blog\/wp-content\/uploads\/2016\/09\/papa-2.jpg\" rel=\"attachment wp-att-41529\"><img loading=\"lazy\" decoding=\"async\" class=\"aligncenter  wp-image-41529\" src=\"https:\/\/lamendigapolitica.com\/blog\/blog\/wp-content\/uploads\/2016\/09\/papa-2.jpg\" alt=\"papa\" width=\"386\" height=\"216\" \/><\/a><\/p>\n<p>&nbsp;<\/p>\n<p>El papa Francisco dedic\u00f3 hoy \u201cun pensamiento especial\u201d al pueblo mexicano e invit\u00f3 a un grupo de sacerdotes presentes en la Plaza de San Pedro a cantar La Guadalupana. Durante los saludos en diversos idiomas hacia el final de su audiencia p\u00fablica semanal, ante m\u00e1s de 25 mil personas congregadas en la Plaza de San Pedro, Francisco se sali\u00f3 del discurso preparado y habl\u00f3 de M\u00e9xico. Hablando en espa\u00f1ol, invit\u00f3 a los fieles a implorar por los que sufren por cualquier motivo o se sienten abandonados, para que puedan sentir consuelo.<\/p>\n<p>&nbsp;<\/p>\n<p>Fue entonces cuando, improvisando, exclam\u00f3: \u201cun especial pensamiento al pueblo mexicano\u201d y agreg\u00f3: \u201clos invito a cantarle a la Guadalupana lo que cantaron al inicio pidiendo por los sufrimientos de este pueblo\u201d. Un nutrido grupo de sacerdotes, ubicados en primera fila, enton\u00f3 la primera estrofa de esa canci\u00f3n.Al final agradeci\u00f3 por el canto y continu\u00f3 su audiencia. Antes, cuando recorri\u00f3 la Plaza de San Pedro a bordo del papam\u00f3vil, hab\u00eda escuchado aquella canci\u00f3n que despu\u00e9s anim\u00f3 a repetir.<\/p>\n<p>&nbsp;<\/p>\n<p>El l\u00edder cat\u00f3lico se refiri\u00f3 as\u00ed a la consternaci\u00f3n que causaron, tambi\u00e9n en el Vaticano, los asesinatos de tres sacerdotes en los \u00faltimos d\u00edas en M\u00e9xico, dos de ellos en el estado de Veracruz y uno m\u00e1s en Michoac\u00e1n. El domingo pasado, durante el rezo semanal del Angelus, el pont\u00edfice ya se hab\u00eda referido a esta situaci\u00f3n al asegurar su oraci\u00f3n \u201cpor el querido pueblo mexicano, para que cese la violencia que en estos d\u00edas ha golpeado tambi\u00e9n a algunos sacerdotes\u201d. En la audiencia, el Papa tambi\u00e9n se refiri\u00f3 a la situaci\u00f3n de violencia que se mantiene en Siria e inst\u00f3 a tutelar a los civiles.<\/p>\n<p>&nbsp;<\/p>\n<p>\u201cSiguen llegando noticias dram\u00e1ticas sobre la suerte de las poblaciones de Alepo, a las cuales me siento unido en el sufrimiento, mediante la oraci\u00f3n y la cercan\u00eda espiritual\u201d, se\u00f1al\u00f3. \u201cAl expresar profundo dolor y viva preocupaci\u00f3n por lo que ocurre en esta martirizada ciudad, renuevo a todos el llamado a empe\u00f1arse con todas las fuerzas en la protecci\u00f3n de los civiles, como obligaci\u00f3n imperativa y urgente\u201d, apunt\u00f3.<\/p>\n","protected":false},"excerpt":{"rendered":"<p>&nbsp; El papa Francisco dedic\u00f3 hoy \u201cun pensamiento especial\u201d al pueblo mexicano e invit\u00f3 a un grupo de sacerdotes presentes en la Plaza de San Pedro a cantar La Guadalupana. Durante los saludos en diversos idiomas hacia el final de su audiencia p\u00fablica semanal, ante m\u00e1s de 25 mil personas congregadas en la Plaza de &hellip; <\/p>\n<p><a class=\"more-link btn\" href=\"https:\/\/lamendigapolitica.com\/?p=41528\">Seguir leyendo<\/a><\/p>\n","protected":false},"author":1,"featured_media":0,"comment_status":"open","ping_status":"closed","sticky":false,"template":"","format":"standard","meta":{"footnotes":""},"categories":[6,20,3,21,27,22],"tags":[],"class_list":["post-41528","post","type-post","status-publish","format-standard","hentry","category-congreso","category-gobierno","category-politica","category-religion","category-seguridad","category-sociales","item-wrap"],"_links":{"self":[{"href":"https:\/\/lamendigapolitica.com\/index.php?rest_route=\/wp\/v2\/posts\/41528","targetHints":{"allow":["GET"]}}],"collection":[{"href":"https:\/\/lamendigapolitica.com\/index.php?rest_route=\/wp\/v2\/posts"}],"about":[{"href":"https:\/\/lamendigapolitica.com\/index.php?rest_route=\/wp\/v2\/types\/post"}],"author":[{"embeddable":true,"href":"https:\/\/lamendigapolitica.com\/index.php?rest_route=\/wp\/v2\/users\/1"}],"replies":[{"embeddable":true,"href":"https:\/\/lamendigapolitica.com\/index.php?rest_route=%2Fwp%2Fv2%2Fcomments&post=41528"}],"version-history":[{"count":1,"href":"https:\/\/lamendigapolitica.com\/index.php?rest_route=\/wp\/v2\/posts\/41528\/revisions"}],"predecessor-version":[{"id":41530,"href":"https:\/\/lamendigapolitica.com\/index.php?rest_route=\/wp\/v2\/posts\/41528\/revisions\/41530"}],"wp:attachment":[{"href":"https:\/\/lamendigapolitica.com\/index.php?rest_route=%2Fwp%2Fv2%2Fmedia&parent=41528"}],"wp:term":[{"taxonomy":"category","embeddable":true,"href":"https:\/\/lamendigapolitica.com\/index.php?rest_route=%2Fwp%2Fv2%2Fcategories&post=41528"},{"taxonomy":"post_tag","embeddable":true,"href":"https:\/\/lamendigapolitica.com\/index.php?rest_route=%2Fwp%2Fv2%2Ftags&post=41528"}],"curies":[{"name":"wp","href":"https:\/\/api.w.org\/{rel}","templated":true}]}}