{"id":41524,"date":"2016-09-27T19:35:27","date_gmt":"2016-09-28T00:35:27","guid":{"rendered":"http:\/\/lamendigapolitica.com\/blog\/?p=41524"},"modified":"2016-10-13T00:03:14","modified_gmt":"2016-10-13T05:03:14","slug":"a-marte-a-marte","status":"publish","type":"post","link":"https:\/\/lamendigapolitica.com\/?p=41524","title":{"rendered":"A Marte, A Marte"},"content":{"rendered":"<p><a href=\"https:\/\/lamendigapolitica.com\/blog\/blog\/wp-content\/uploads\/2016\/09\/GarciaPimentel-1.jpg\" rel=\"attachment wp-att-41525\"><img loading=\"lazy\" decoding=\"async\" class=\"alignleft size-thumbnail wp-image-41525\" src=\"https:\/\/lamendigapolitica.com\/blog\/blog\/wp-content\/uploads\/2016\/09\/GarciaPimentel-1-150x150.jpg\" alt=\"garciapimentel\" width=\"150\" height=\"150\" \/><\/a><\/p>\n<h3><span style=\"color: #003300;\">A LAS COSAS POR SU NOMBRE\/Francisco Garc\u00eda Pimentel<\/span><\/h3>\n<p style=\"text-align: right;\"><em>El mayor peligro para nosotros <\/em><\/p>\n<p style=\"text-align: right;\"><em>no es apuntar alto y fallar, <\/em><\/p>\n<p style=\"text-align: right;\"><em>sino apuntar bajo y atinar.<\/em><\/p>\n<p style=\"text-align: right;\"><em>Miguel \u00c1ngel<\/em><\/p>\n<p>El d\u00eda de hoy el CEO de SpaceX y Tesla Motos, el sudafricano Elon Musk present\u00f3 en Guadalajara su plan para transportar personas y bienes a Marte y establecer all\u00e1 una colonia que asegure la supervivencia de la raza humana. Lo que es m\u00e1s: lo dice en serio.<\/p>\n<p>Las miles de personas que se reunieron para escucharlo \u2013y las millones que ya le escuchan en todo el mundo- salieron convencidas de la conferencia. Bajo el esquema de Musk el viaje a Marte no s\u00f3lo parece posible, sino posible en pocos a\u00f1os, quiz\u00e1 antes de que usted o yo estemos bajo tierra. Tras escuchar a un hombre como \u00e9ste es inevitable ponerse a so\u00f1ar.<\/p>\n<p>Apenas hac\u00eda unas horas que mi esperanza en el futuro hab\u00eda deca\u00eddo casi a punto de la desaparici\u00f3n. El debate entre Hillary y Trump me pareci\u00f3 tan zafio, tan vulgar, tan desesperantemente vomitable que m\u00e1s tuve ganas de aventarme por la ventana y establecer mi residencia en la copa de un \u00e1rbol en medio del Amazonas en donde me alimentar\u00eda de hormigas y guayabas que de levantarme a trabajar el siguiente d\u00eda.<\/p>\n<p>Si el futuro de M\u00e9xico o de EEUU o del mundo est\u00e1 en manos de estos zopilotes, francamente estamos perdidos, justo ahora que nos acechan a la vuelta de la esquina las crisis humanitarias, econ\u00f3micas, energ\u00e9ticas y ecol\u00f3gicas m\u00e1s grandes que ha visto el planeta.<\/p>\n<p>Y luego viene este tipo, como si nada, a decirnos que podemos habitar el universo.<\/p>\n<p>De pronto, todo me parece muy peque\u00f1o de este lado. Hillary y Donald se creen todopoderosos y aceptar\u00e1n gustosamente el t\u00edtulo del hombre o mujer \u201cm\u00e1s poderosos del planeta\u201d, mientras gobiernan sobre un pedazo de roca correspondiente apenas al 2% del \u00e1rea total de la tierra. Desde su ranchito se sentir\u00e1n poderosos y har\u00e1n y deshar\u00e1n acuerdos econ\u00f3micos y nucleares para llevar m\u00e1s dinero a su ranchito. Muy bien.<\/p>\n<p>Pero no nos perdamos en discusiones llaneras de pol\u00edticos de cualquier tama\u00f1o. La humanidad es m\u00e1s grande que eso. Imperios han ido y venido, subido y ca\u00eddo; civilizaciones enteras han alcanzado cima y decadencia. La humanidad ha soportado las peores crisis y superado las m\u00e1s dif\u00edciles circunstancias.<\/p>\n<p>Nos han convencido que son los pol\u00edticos los due\u00f1os del futuro y nos desvivimos defendiendo banderas indefendibles. Pero la humanidad es m\u00e1s, mucho m\u00e1s que eso. El esp\u00edritu humano \u2013ese que vive en nuestros corazones y se asoma t\u00edmidamente cuando dejamos de correr por dos minutos- es m\u00e1s poderoso que todas nuestras debilidades juntas.<\/p>\n<p>No s\u00e9 si llegaremos a Marte. Quiz\u00e1s s\u00ed. Y si llegamos, es estad\u00edsticamente improbable que yo mismo lo visite. No importa. La alegr\u00eda y admiraci\u00f3n que hoy sent\u00ed es la \u00fanica que vale la pena sentir: la felicidad por otros. Estuve seguro de que la humanidad, como siempre, encontrar\u00e1 el camino.<\/p>\n<p>S\u00e9 que tengo que volver a la tierra, pagar la renta, el tel\u00e9fono y la luz; cortarme el pelo y cumplir mi dieta. En esas cosas peque\u00f1as est\u00e1 envuelta nuestra vida y dibujado nuestro car\u00e1cter. Pero hoy pondr\u00e9 en mi corcho una foto de marte, para que me recuerde que siempre hay que poner la vista m\u00e1s arriba de lo que parece humanamente posible; y en los otros m\u00e1s que en uno mismo. Eso es lo que significa ser humano.<\/p>\n<h3>El autor es abogado, analista y autor.<\/h3>\n<h3>Si fuera a Marte, se llevar\u00eda tres libros: Fundaci\u00f3n, la Biblia y Momo.<\/h3>\n<h3>@franciscogpr<\/h3>\n","protected":false},"excerpt":{"rendered":"<p>A LAS COSAS POR SU NOMBRE\/Francisco Garc\u00eda Pimentel El mayor peligro para nosotros no es apuntar alto y fallar, sino apuntar bajo y atinar. Miguel \u00c1ngel El d\u00eda de hoy el CEO de SpaceX y Tesla Motos, el sudafricano Elon Musk present\u00f3 en Guadalajara su plan para transportar personas y bienes a Marte y establecer &hellip; <\/p>\n<p><a class=\"more-link btn\" href=\"https:\/\/lamendigapolitica.com\/?p=41524\">Seguir leyendo<\/a><\/p>\n","protected":false},"author":1,"featured_media":0,"comment_status":"open","ping_status":"closed","sticky":false,"template":"","format":"standard","meta":{"footnotes":""},"categories":[1,6,26,30,28,20,31,5,3,27],"tags":[],"class_list":["post-41524","post","type-post","status-publish","format-standard","hentry","category-columnista","category-congreso","category-cultura","category-economia","category-educacion","category-gobierno","category-internacional","category-partidos","category-politica","category-seguridad","item-wrap"],"_links":{"self":[{"href":"https:\/\/lamendigapolitica.com\/index.php?rest_route=\/wp\/v2\/posts\/41524","targetHints":{"allow":["GET"]}}],"collection":[{"href":"https:\/\/lamendigapolitica.com\/index.php?rest_route=\/wp\/v2\/posts"}],"about":[{"href":"https:\/\/lamendigapolitica.com\/index.php?rest_route=\/wp\/v2\/types\/post"}],"author":[{"embeddable":true,"href":"https:\/\/lamendigapolitica.com\/index.php?rest_route=\/wp\/v2\/users\/1"}],"replies":[{"embeddable":true,"href":"https:\/\/lamendigapolitica.com\/index.php?rest_route=%2Fwp%2Fv2%2Fcomments&post=41524"}],"version-history":[{"count":3,"href":"https:\/\/lamendigapolitica.com\/index.php?rest_route=\/wp\/v2\/posts\/41524\/revisions"}],"predecessor-version":[{"id":42091,"href":"https:\/\/lamendigapolitica.com\/index.php?rest_route=\/wp\/v2\/posts\/41524\/revisions\/42091"}],"wp:attachment":[{"href":"https:\/\/lamendigapolitica.com\/index.php?rest_route=%2Fwp%2Fv2%2Fmedia&parent=41524"}],"wp:term":[{"taxonomy":"category","embeddable":true,"href":"https:\/\/lamendigapolitica.com\/index.php?rest_route=%2Fwp%2Fv2%2Fcategories&post=41524"},{"taxonomy":"post_tag","embeddable":true,"href":"https:\/\/lamendigapolitica.com\/index.php?rest_route=%2Fwp%2Fv2%2Ftags&post=41524"}],"curies":[{"name":"wp","href":"https:\/\/api.w.org\/{rel}","templated":true}]}}