{"id":41515,"date":"2016-09-27T15:50:24","date_gmt":"2016-09-27T20:50:24","guid":{"rendered":"http:\/\/lamendigapolitica.com\/blog\/?p=41515"},"modified":"2016-09-27T15:50:24","modified_gmt":"2016-09-27T20:50:24","slug":"zapopan-rifa-para-los-jovenes-en-situacion-de-riesgo","status":"publish","type":"post","link":"https:\/\/lamendigapolitica.com\/?p=41515","title":{"rendered":"Zapopan Rifa: para los j\u00f3venes en situaci\u00f3n de riesgo"},"content":{"rendered":"<p><a href=\"https:\/\/lamendigapolitica.com\/blog\/blog\/wp-content\/uploads\/2016\/09\/29935979506_22f638aaca_z.jpg\" rel=\"attachment wp-att-41516\"><img loading=\"lazy\" decoding=\"async\" class=\"aligncenter  wp-image-41516\" src=\"https:\/\/lamendigapolitica.com\/blog\/blog\/wp-content\/uploads\/2016\/09\/29935979506_22f638aaca_z.jpg\" alt=\"29935979506_22f638aaca_z\" width=\"387\" height=\"258\" \/><\/a><\/p>\n<p>&nbsp;<\/p>\n<p>Con grandes expectativas Zapopan dio a conocer hoy el programa de prevenci\u00f3n social Zapopan Rifa, mediante el cual se pretende apoyar el crecimiento de los j\u00f3venes en situaci\u00f3n de riesgo, evitar que caigan en malas pr\u00e1cticas y desarrollen su talento hacia fines m\u00e1s positivos. M\u00f3nica Maga\u00f1a, Directora del Instituto de la Juventud, detall\u00f3 que \u201cEl objetivo general de este programa es trabajar en el desarrollo integral de los j\u00f3venes, desde habilidades cognitivas, intrapersonales, sociales y de gesti\u00f3n para fortalecer su desarrollo humano (\u2026), esto ser\u00e1 mediante la educaci\u00f3n dual, que es una metodolog\u00eda que se ha desarrollado en conjunto con la universidad de Guadalajara\u201d<\/p>\n<p>&nbsp;<\/p>\n<p>Ser\u00e1 una labor de tres etapas: autoconocimiento, direccionamiento y gesti\u00f3n, y las acciones ser\u00e1n en conjunto con Sarape Social, empresa que se dedica a llevar a cabo proyectos que construyen, mejoran el tejido social y promueven la participaci\u00f3n ciudadana. \u201cEstamos trabajando toda el \u00e1rea creativa, buscando potencializar la creatividad de estos chicos, para que no nada m\u00e1s ellos puedan crear un gran proyecto, sino que tambi\u00e9n sepan c\u00f3mo realizar y llevar a cabo este proyecto de vida\u201d, dijo la M\u00f3nica Maga\u00f1a.<\/p>\n<p>&nbsp;<\/p>\n<p>Este es un programa peculiar, ya que no es de autoselecci\u00f3n, sino que son las autoridades las que a trav\u00e9s de redes de investigaci\u00f3n, llegan a este tipo de j\u00f3venes que viven la violencia, que se han involucrado en alg\u00fan delito o que tienen alguna adicci\u00f3n. Para que participen en los proyectos se hace una fuerte labor de convencimiento. \u201cA trav\u00e9s de lo que a ellos les gusta vamos a atraerlos, vamos a tener dos talleres, uno de grafiti y otro de rap, y estos talleres son para que ellos puedan generar alg\u00fan inter\u00e9s, nuestra intenci\u00f3n no es darle a todos un oficio, es trabajar en lo que ellos ya les gusta, nosotros les ayudaremos a capitalizarlo lo m\u00e1s que se pueda y encadenarlo a la productividad\u201d, explic\u00f3 la titular del Instituto de la Juventud.<\/p>\n<p>&nbsp;<\/p>\n<p>Zapopan RIFA tiene como objetivo trabajar en el 2017 con m\u00e1s de 300 j\u00f3venes de distintas colonias que presentan \u00edndices elevados de violencia, como El Colli, Las Mesas y Santa Ana Tepetitl\u00e1n. Los j\u00f3venes objetivo tienen entre 16 y 17 a\u00f1os, y para esta primera intervenci\u00f3n se aplicar\u00e1 durante 9 meses el programa piloto en la colonia San Juan de Acotan, por las caracter\u00edsticas o \u00edndice de violencia que hay en la misma.<\/p>\n","protected":false},"excerpt":{"rendered":"<p>&nbsp; Con grandes expectativas Zapopan dio a conocer hoy el programa de prevenci\u00f3n social Zapopan Rifa, mediante el cual se pretende apoyar el crecimiento de los j\u00f3venes en situaci\u00f3n de riesgo, evitar que caigan en malas pr\u00e1cticas y desarrollen su talento hacia fines m\u00e1s positivos. M\u00f3nica Maga\u00f1a, Directora del Instituto de la Juventud, detall\u00f3 que &hellip; <\/p>\n<p><a class=\"more-link btn\" href=\"https:\/\/lamendigapolitica.com\/?p=41515\">Seguir leyendo<\/a><\/p>\n","protected":false},"author":1,"featured_media":0,"comment_status":"open","ping_status":"closed","sticky":false,"template":"","format":"standard","meta":{"footnotes":""},"categories":[6,20,5,3,27,22],"tags":[],"class_list":["post-41515","post","type-post","status-publish","format-standard","hentry","category-congreso","category-gobierno","category-partidos","category-politica","category-seguridad","category-sociales","item-wrap"],"_links":{"self":[{"href":"https:\/\/lamendigapolitica.com\/index.php?rest_route=\/wp\/v2\/posts\/41515","targetHints":{"allow":["GET"]}}],"collection":[{"href":"https:\/\/lamendigapolitica.com\/index.php?rest_route=\/wp\/v2\/posts"}],"about":[{"href":"https:\/\/lamendigapolitica.com\/index.php?rest_route=\/wp\/v2\/types\/post"}],"author":[{"embeddable":true,"href":"https:\/\/lamendigapolitica.com\/index.php?rest_route=\/wp\/v2\/users\/1"}],"replies":[{"embeddable":true,"href":"https:\/\/lamendigapolitica.com\/index.php?rest_route=%2Fwp%2Fv2%2Fcomments&post=41515"}],"version-history":[{"count":1,"href":"https:\/\/lamendigapolitica.com\/index.php?rest_route=\/wp\/v2\/posts\/41515\/revisions"}],"predecessor-version":[{"id":41517,"href":"https:\/\/lamendigapolitica.com\/index.php?rest_route=\/wp\/v2\/posts\/41515\/revisions\/41517"}],"wp:attachment":[{"href":"https:\/\/lamendigapolitica.com\/index.php?rest_route=%2Fwp%2Fv2%2Fmedia&parent=41515"}],"wp:term":[{"taxonomy":"category","embeddable":true,"href":"https:\/\/lamendigapolitica.com\/index.php?rest_route=%2Fwp%2Fv2%2Fcategories&post=41515"},{"taxonomy":"post_tag","embeddable":true,"href":"https:\/\/lamendigapolitica.com\/index.php?rest_route=%2Fwp%2Fv2%2Ftags&post=41515"}],"curies":[{"name":"wp","href":"https:\/\/api.w.org\/{rel}","templated":true}]}}