{"id":41493,"date":"2016-09-27T09:06:01","date_gmt":"2016-09-27T14:06:01","guid":{"rendered":"http:\/\/lamendigapolitica.com\/blog\/?p=41493"},"modified":"2016-09-27T09:06:01","modified_gmt":"2016-09-27T14:06:01","slug":"suspende-pri-derechos-partidistas-a-javier-duarte","status":"publish","type":"post","link":"https:\/\/lamendigapolitica.com\/?p=41493","title":{"rendered":"Suspende PRI derechos partidistas a Javier Duarte"},"content":{"rendered":"<p><a href=\"https:\/\/lamendigapolitica.com\/blog\/blog\/wp-content\/uploads\/2016\/09\/Duarte.jpg\" rel=\"attachment wp-att-41494\"><img loading=\"lazy\" decoding=\"async\" class=\"aligncenter  wp-image-41494\" src=\"https:\/\/lamendigapolitica.com\/blog\/blog\/wp-content\/uploads\/2016\/09\/Duarte.jpg\" alt=\"duarte\" width=\"415\" height=\"249\" \/><\/a><\/p>\n<p>&nbsp;<\/p>\n<p>Por primera vez en la historia del PRI Comisi\u00f3n Nacional de Justicia Partidaria del Partido Revolucionario Institucional (PRI) acord\u00f3 suspender los derechos como militante a un gobernador en funciones en este caso se trata del ejecutivo estatal de Veracruz, Javier Duarte de Ochoa, y a seis funcionarios de su gobierno.<\/p>\n<p>&nbsp;<\/p>\n<p>Dentro de las indagatorias que atrajo la Procuradur\u00eda General de la Rep\u00fablica contra el mandatario estatal por enriquecimiento il\u00edcito y peculado, el presidente del \u00f3rgano interno del tricolor, Fernando El\u00edas Calles \u00c1lvarez, dio a conocer en conferencia de prensa que est\u00e1 decisi\u00f3n un\u00e1nime se tom\u00f3 dada la gravedad de las acusaciones y la afectaci\u00f3n a la imagen del partido que han provocado las imputaciones al gobernador.<\/p>\n<p>&nbsp;<\/p>\n<p>En un hecho sin precedentes en la historia del partido, El\u00edas Calles afirm\u00f3 que \u201cse llev\u00f3 a cabo una revisi\u00f3n minuciosa y una ponderaci\u00f3n escrupulosa de los antecedentes, las condiciones jur\u00eddicas y de los elementos con que se cuenta, para dar tr\u00e1mite a las denuncias interpuestas\u201d, en funci\u00f3n de lo cual se acord\u00f3 suspender los derechos como militantes de Javier Duarte, Juan Carlos Rodr\u00edguez Garc\u00eda, Gabriel Deantes Ramos, Jos\u00e9 Antonio Chara Mansur Beltr\u00e1n, Arturo Berm\u00fadez Zurita, Israel Ramos Mange y Daniel Cordero G\u00e1lvez.<\/p>\n<p>&nbsp;<\/p>\n<p>Aclar\u00f3 que se trata de una medida cautelar, posteriormente se dio a conocer que ayer mismo inici\u00f3 el an\u00e1lisis sobre una posible expulsi\u00f3n, que se determinar\u00eda conforme avancen las investigaciones de la PGR. Al respecto, el senador Arturo Zamora, vocero de la comisi\u00f3n, detall\u00f3 que de acuerdo a lo establecido en el art\u00edculo 58 de los estatutos del partido, son 17 los derechos retirados a los siete funcionarios, entre ellos el de ocupar cargos partidarios, lo cual aclar\u00f3 es una medida sin temporalidad. Adem\u00e1s indic\u00f3 que ayer se inici\u00f3 formalmente lo que podr\u00eda ser un proceso de expulsi\u00f3n contra Javier Duarte y el resto de los implicados.<\/p>\n<p>&nbsp;<\/p>\n<p>Explic\u00f3 que tras la suspensi\u00f3n de los derechos partidarios de los imputados, inicia una nueva etapa en el procedimiento, que es el derecho de audiencia, para que estos puedan presentar su defensa. Con base en ello dijo, se estar\u00e1n evaluando dos medidas: la p\u00e9rdida de la militancia o la expulsi\u00f3n. \u201cPor supuesto, nosotros como partido estamos actuando en funci\u00f3n de los estatutos, del c\u00f3digo de justicia partidaria\u201d, a\u00f1adi\u00f3 el tambi\u00e9n senador.<\/p>\n","protected":false},"excerpt":{"rendered":"<p>&nbsp; Por primera vez en la historia del PRI Comisi\u00f3n Nacional de Justicia Partidaria del Partido Revolucionario Institucional (PRI) acord\u00f3 suspender los derechos como militante a un gobernador en funciones en este caso se trata del ejecutivo estatal de Veracruz, Javier Duarte de Ochoa, y a seis funcionarios de su gobierno. &nbsp; Dentro de las &hellip; <\/p>\n<p><a class=\"more-link btn\" href=\"https:\/\/lamendigapolitica.com\/?p=41493\">Seguir leyendo<\/a><\/p>\n","protected":false},"author":1,"featured_media":0,"comment_status":"open","ping_status":"closed","sticky":false,"template":"","format":"standard","meta":{"footnotes":""},"categories":[6,20,5,3],"tags":[],"class_list":["post-41493","post","type-post","status-publish","format-standard","hentry","category-congreso","category-gobierno","category-partidos","category-politica","item-wrap"],"_links":{"self":[{"href":"https:\/\/lamendigapolitica.com\/index.php?rest_route=\/wp\/v2\/posts\/41493","targetHints":{"allow":["GET"]}}],"collection":[{"href":"https:\/\/lamendigapolitica.com\/index.php?rest_route=\/wp\/v2\/posts"}],"about":[{"href":"https:\/\/lamendigapolitica.com\/index.php?rest_route=\/wp\/v2\/types\/post"}],"author":[{"embeddable":true,"href":"https:\/\/lamendigapolitica.com\/index.php?rest_route=\/wp\/v2\/users\/1"}],"replies":[{"embeddable":true,"href":"https:\/\/lamendigapolitica.com\/index.php?rest_route=%2Fwp%2Fv2%2Fcomments&post=41493"}],"version-history":[{"count":1,"href":"https:\/\/lamendigapolitica.com\/index.php?rest_route=\/wp\/v2\/posts\/41493\/revisions"}],"predecessor-version":[{"id":41495,"href":"https:\/\/lamendigapolitica.com\/index.php?rest_route=\/wp\/v2\/posts\/41493\/revisions\/41495"}],"wp:attachment":[{"href":"https:\/\/lamendigapolitica.com\/index.php?rest_route=%2Fwp%2Fv2%2Fmedia&parent=41493"}],"wp:term":[{"taxonomy":"category","embeddable":true,"href":"https:\/\/lamendigapolitica.com\/index.php?rest_route=%2Fwp%2Fv2%2Fcategories&post=41493"},{"taxonomy":"post_tag","embeddable":true,"href":"https:\/\/lamendigapolitica.com\/index.php?rest_route=%2Fwp%2Fv2%2Ftags&post=41493"}],"curies":[{"name":"wp","href":"https:\/\/api.w.org\/{rel}","templated":true}]}}