{"id":41483,"date":"2016-09-26T20:03:13","date_gmt":"2016-09-27T01:03:13","guid":{"rendered":"http:\/\/lamendigapolitica.com\/blog\/?p=41483"},"modified":"2016-09-26T20:03:28","modified_gmt":"2016-09-27T01:03:28","slug":"reconocen-capitales-nipones-potencial-de-jalisco","status":"publish","type":"post","link":"https:\/\/lamendigapolitica.com\/?p=41483","title":{"rendered":"Reconocen capitales nipones potencial de Jalisco"},"content":{"rendered":"<p><a href=\"https:\/\/lamendigapolitica.com\/blog\/blog\/wp-content\/uploads\/2016\/09\/29863273811_034b14778b_z.jpg\" rel=\"attachment wp-att-41484\"><img loading=\"lazy\" decoding=\"async\" class=\"aligncenter wp-image-41484\" src=\"https:\/\/lamendigapolitica.com\/blog\/blog\/wp-content\/uploads\/2016\/09\/29863273811_034b14778b_z.jpg\" alt=\"29863273811_034b14778b_z\" width=\"368\" height=\"245\" \/><\/a><\/p>\n<p>&nbsp;<\/p>\n<p>El Gobernador del Estado, Arist\u00f3teles Sandoval, durante su tercer d\u00eda de actividades en tierras asi\u00e1ticas, donde adem\u00e1s logr\u00f3 ampliar, a trav\u00e9s de una fuerte promoci\u00f3n, la confianza e inter\u00e9s de nuevos empresarios, fortaleciendo los beneficios sociales, el empleo mejor pagado y la fortaleza del capital humano jalisciense.<\/p>\n<p>&nbsp;<\/p>\n<p>Empresas japonesas de varios sectores reconocieron el potencial que tiene Jalisco como polo de inversi\u00f3n y las condiciones para ampliar, remodelar o instalar sus compa\u00f1\u00edas en un ambiente econ\u00f3mico estable, seguro y con infraestructura log\u00edstica de primer mundo, lo que facilita el buen desarrollo de las compa\u00f1\u00edas. \u00a0\u201cY en el seminario que tuvimos fueron m\u00e1s de 80 empresas interesadas, en distintos ramos, desde agroindustriales, textiles, tecnol\u00f3gicas, automotriz, que est\u00e1n viendo tambi\u00e9n en Jalisco la posibilidad de crecimiento y de desarrollo de inversi\u00f3n\u201d, reiter\u00f3 el Gobernador de Jalisco.<\/p>\n<p>&nbsp;<\/p>\n<p>El jefe del Ejecutivo estatal destac\u00f3 que el impacto y renombre del estado crece y se expande gracias al testimonio de empresarios japoneses que est\u00e1n teniendo \u00e9xito en sus operaciones comerciales y que ellos mismos son los que difunden sus logros entre sus connacionales.<\/p>\n<p>&nbsp;<\/p>\n<p>\u201cTuvimos el testimonio ya de empresas y empresarios japonenses que est\u00e1n viviendo en Jalisco, de cu\u00e1les son las ventajas competitivas, no solamente lo coment\u00f3 el se\u00f1or embajador Carlos Almada, embajador de M\u00e9xico en Jap\u00f3n, ni un servidor, ni funcionarios de ProM\u00e9xico, fue un testimonio de empresarios japoneses que ya est\u00e1n instalados en Jalisco y que est\u00e1n teniendo \u00e9xito\u201d, puntualiz\u00f3 Sandoval.<\/p>\n","protected":false},"excerpt":{"rendered":"<p>&nbsp; El Gobernador del Estado, Arist\u00f3teles Sandoval, durante su tercer d\u00eda de actividades en tierras asi\u00e1ticas, donde adem\u00e1s logr\u00f3 ampliar, a trav\u00e9s de una fuerte promoci\u00f3n, la confianza e inter\u00e9s de nuevos empresarios, fortaleciendo los beneficios sociales, el empleo mejor pagado y la fortaleza del capital humano jalisciense. &nbsp; Empresas japonesas de varios sectores reconocieron &hellip; <\/p>\n<p><a class=\"more-link btn\" href=\"https:\/\/lamendigapolitica.com\/?p=41483\">Seguir leyendo<\/a><\/p>\n","protected":false},"author":1,"featured_media":0,"comment_status":"open","ping_status":"closed","sticky":false,"template":"","format":"standard","meta":{"footnotes":""},"categories":[6,30,20,5,3,22],"tags":[],"class_list":["post-41483","post","type-post","status-publish","format-standard","hentry","category-congreso","category-economia","category-gobierno","category-partidos","category-politica","category-sociales","item-wrap"],"_links":{"self":[{"href":"https:\/\/lamendigapolitica.com\/index.php?rest_route=\/wp\/v2\/posts\/41483","targetHints":{"allow":["GET"]}}],"collection":[{"href":"https:\/\/lamendigapolitica.com\/index.php?rest_route=\/wp\/v2\/posts"}],"about":[{"href":"https:\/\/lamendigapolitica.com\/index.php?rest_route=\/wp\/v2\/types\/post"}],"author":[{"embeddable":true,"href":"https:\/\/lamendigapolitica.com\/index.php?rest_route=\/wp\/v2\/users\/1"}],"replies":[{"embeddable":true,"href":"https:\/\/lamendigapolitica.com\/index.php?rest_route=%2Fwp%2Fv2%2Fcomments&post=41483"}],"version-history":[{"count":1,"href":"https:\/\/lamendigapolitica.com\/index.php?rest_route=\/wp\/v2\/posts\/41483\/revisions"}],"predecessor-version":[{"id":41485,"href":"https:\/\/lamendigapolitica.com\/index.php?rest_route=\/wp\/v2\/posts\/41483\/revisions\/41485"}],"wp:attachment":[{"href":"https:\/\/lamendigapolitica.com\/index.php?rest_route=%2Fwp%2Fv2%2Fmedia&parent=41483"}],"wp:term":[{"taxonomy":"category","embeddable":true,"href":"https:\/\/lamendigapolitica.com\/index.php?rest_route=%2Fwp%2Fv2%2Fcategories&post=41483"},{"taxonomy":"post_tag","embeddable":true,"href":"https:\/\/lamendigapolitica.com\/index.php?rest_route=%2Fwp%2Fv2%2Ftags&post=41483"}],"curies":[{"name":"wp","href":"https:\/\/api.w.org\/{rel}","templated":true}]}}