{"id":41465,"date":"2016-09-26T10:47:56","date_gmt":"2016-09-26T15:47:56","guid":{"rendered":"http:\/\/lamendigapolitica.com\/blog\/?p=41465"},"modified":"2016-09-26T10:48:10","modified_gmt":"2016-09-26T15:48:10","slug":"anaya-no-dejara-presidencia-del-pan-antes-de-2017","status":"publish","type":"post","link":"https:\/\/lamendigapolitica.com\/?p=41465","title":{"rendered":"Anaya no dejar\u00e1 presidencia del PAN antes de 2017"},"content":{"rendered":"<p><a href=\"https:\/\/lamendigapolitica.com\/blog\/blog\/wp-content\/uploads\/2016\/09\/Anaya.jpg\" rel=\"attachment wp-att-41466\"><img loading=\"lazy\" decoding=\"async\" class=\"aligncenter wp-image-41466\" src=\"https:\/\/lamendigapolitica.com\/blog\/blog\/wp-content\/uploads\/2016\/09\/Anaya.jpg\" alt=\"anaya\" width=\"404\" height=\"269\" \/><\/a><\/p>\n<p>&nbsp;<\/p>\n<p>Ricardo Anaya asegur\u00f3 que no dejar\u00e1 la presidencia nacional del Partido Acci\u00f3n Nacional (PAN) antes de julio del pr\u00f3ximo a\u00f1o, aclarando que es mentira el que no le ha tomado la llamada a Margarita Zavala y a Rafael Moreno Valle, ambos interesados en buscar la candidatura presidencial para el 2018. Para el dirigente panista no es tiempo de pensar en la elecci\u00f3n de 2018, sino en los comicios del pr\u00f3ximo a\u00f1o, cuando habr\u00e1 elecci\u00f3n para elegir gobernador en: Estado de M\u00e9xico, Coahuila y Nayarit.<\/p>\n<p>&nbsp;<\/p>\n<p>En entrevista con Ciro G\u00f3mez Leyva para Radio F\u00f3rmula, reconoci\u00f3 la necesidad de dialogar al interior del partido, as\u00ed como de \u201cabrir\u201d al PAN, pero \u201ccuidando la unidad del partido, para estar a la altura de lo que M\u00e9xico espera de nosotros\u201d. Anaya asegur\u00f3 que, \u201csi el PAN se divide, me parece que cometer\u00eda un error hist\u00f3rico\u201d. Asimismo, precis\u00f3 que no es competencia del presidente definir el reglamento del partido; \u201clas decide una Asamblea Nacional\u201d.<\/p>\n<p>&nbsp;<\/p>\n<p>Dijo que la pr\u00f3xima semana se reunir\u00e1 con Rafael Moreno Valle, quien confirm\u00f3 que buscar\u00e1 ser el candidato del PAN a la Presidencia en 2018.<\/p>\n","protected":false},"excerpt":{"rendered":"<p>&nbsp; Ricardo Anaya asegur\u00f3 que no dejar\u00e1 la presidencia nacional del Partido Acci\u00f3n Nacional (PAN) antes de julio del pr\u00f3ximo a\u00f1o, aclarando que es mentira el que no le ha tomado la llamada a Margarita Zavala y a Rafael Moreno Valle, ambos interesados en buscar la candidatura presidencial para el 2018. Para el dirigente panista &hellip; <\/p>\n<p><a class=\"more-link btn\" href=\"https:\/\/lamendigapolitica.com\/?p=41465\">Seguir leyendo<\/a><\/p>\n","protected":false},"author":1,"featured_media":0,"comment_status":"open","ping_status":"closed","sticky":false,"template":"","format":"standard","meta":{"footnotes":""},"categories":[6,20,5,3],"tags":[],"class_list":["post-41465","post","type-post","status-publish","format-standard","hentry","category-congreso","category-gobierno","category-partidos","category-politica","item-wrap"],"_links":{"self":[{"href":"https:\/\/lamendigapolitica.com\/index.php?rest_route=\/wp\/v2\/posts\/41465","targetHints":{"allow":["GET"]}}],"collection":[{"href":"https:\/\/lamendigapolitica.com\/index.php?rest_route=\/wp\/v2\/posts"}],"about":[{"href":"https:\/\/lamendigapolitica.com\/index.php?rest_route=\/wp\/v2\/types\/post"}],"author":[{"embeddable":true,"href":"https:\/\/lamendigapolitica.com\/index.php?rest_route=\/wp\/v2\/users\/1"}],"replies":[{"embeddable":true,"href":"https:\/\/lamendigapolitica.com\/index.php?rest_route=%2Fwp%2Fv2%2Fcomments&post=41465"}],"version-history":[{"count":1,"href":"https:\/\/lamendigapolitica.com\/index.php?rest_route=\/wp\/v2\/posts\/41465\/revisions"}],"predecessor-version":[{"id":41467,"href":"https:\/\/lamendigapolitica.com\/index.php?rest_route=\/wp\/v2\/posts\/41465\/revisions\/41467"}],"wp:attachment":[{"href":"https:\/\/lamendigapolitica.com\/index.php?rest_route=%2Fwp%2Fv2%2Fmedia&parent=41465"}],"wp:term":[{"taxonomy":"category","embeddable":true,"href":"https:\/\/lamendigapolitica.com\/index.php?rest_route=%2Fwp%2Fv2%2Fcategories&post=41465"},{"taxonomy":"post_tag","embeddable":true,"href":"https:\/\/lamendigapolitica.com\/index.php?rest_route=%2Fwp%2Fv2%2Ftags&post=41465"}],"curies":[{"name":"wp","href":"https:\/\/api.w.org\/{rel}","templated":true}]}}