{"id":41459,"date":"2016-09-26T09:57:41","date_gmt":"2016-09-26T14:57:41","guid":{"rendered":"http:\/\/lamendigapolitica.com\/blog\/?p=41459"},"modified":"2016-09-26T09:57:41","modified_gmt":"2016-09-26T14:57:41","slug":"la-arquidiocesis-llama-enfermos-mentales-a-los-gays","status":"publish","type":"post","link":"https:\/\/lamendigapolitica.com\/?p=41459","title":{"rendered":"La Arquidi\u00f3cesis llama \u201cenfermos mentales\u201d a los gays"},"content":{"rendered":"<p><a href=\"https:\/\/lamendigapolitica.com\/blog\/blog\/wp-content\/uploads\/2016\/09\/enfermis.jpg\" rel=\"attachment wp-att-41460\"><img loading=\"lazy\" decoding=\"async\" class=\"aligncenter  wp-image-41460\" src=\"https:\/\/lamendigapolitica.com\/blog\/blog\/wp-content\/uploads\/2016\/09\/enfermis.jpg\" alt=\"enfermis\" width=\"401\" height=\"202\" srcset=\"https:\/\/lamendigapolitica.com\/wp-content\/uploads\/2016\/09\/enfermis.jpg 316w, https:\/\/lamendigapolitica.com\/wp-content\/uploads\/2016\/09\/enfermis-300x151.jpg 300w\" sizes=\"auto, (max-width: 401px) 100vw, 401px\" \/><\/a><\/p>\n<p>&nbsp;<\/p>\n<p>Nuevamente la Arquidi\u00f3cesis de M\u00e9xico arremeti\u00f3 de nueva cuenta contra la comunidad l\u00e9sbica, gay, bisexual, travesti, transexual, transg\u00e9nero e intersexual (LGBTTTI) y en una contrarr\u00e9plica publicada este d\u00eda en su semanario Desde la Fe los acus\u00f3 de propagar enfermedades de transmisi\u00f3n sexual e impl\u00edcitamente los consider\u00f3 enfermos mentales. \u201cDicen [la comunidad LGBTTTI] que es falso que la Organizaci\u00f3n Mundial de la Salud haya retirado en 1974 la homosexualidad de la lista de enfermedades mentales, debido a la presi\u00f3n del lobby gay\u201d, mencion\u00f3 la Iglesia cat\u00f3lica, publica SinEmbargo.<\/p>\n<p>&nbsp;<\/p>\n<p>\u201cDicen que esa decisi\u00f3n estuvo respaldada por un estudio de tres d\u00e9cadas. \u00bfD\u00f3nde est\u00e1 ese estudio, supuestamente iniciado en 1944, en plena Segunda Guerra Mundial? Tendr\u00eda que haber sido muy famoso e importante, y haber sido dado a conocer, pero no lo fue porque no existe\u201d, agreg\u00f3. En la contrarr\u00e9plica al escrito enviado al peri\u00f3dico el 9 de septiembre por miembros de dicho colectivo, la Arquidi\u00f3cesis, encabezada por el Cardenal Norberto Rivera Carrera, acus\u00f3 a las personas homosexuales de propagar enfermedades de transmisi\u00f3n sexual.<\/p>\n<p>&nbsp;<\/p>\n<p>\u201c[La comunidad LGBTTTI] Afirman que no est\u00e1n enfermas y luego se desdicen admitiendo que s\u00ed presentan problemas de salud, pero que \u00e9stos no se deben a su orientaci\u00f3n sexual. Eso es falso. Incontables estudios cient\u00edficos muestran que los homosexuales son quienes m\u00e1s padecen y contagian enfermedades de transmisi\u00f3n sexual\u201d, mencion\u00f3 el clero cat\u00f3lico. Adem\u00e1s se\u00f1al\u00f3 que los ni\u00f1os que crecen en hogares homoparentales desarrollan problemas de autoestima y salud mental. \u201cDicen que no hay un solo estudio cient\u00edfico que demuestre el da\u00f1o psicol\u00f3gico que han sufrido ni\u00f1os o ni\u00f1as adoptados por padres homosexuales.<\/p>\n<p>&nbsp;<\/p>\n<p>\u201cTal vez en M\u00e9xico no lo haya todav\u00eda, porque los ni\u00f1os adoptados est\u00e1n demasiado peque\u00f1os para expresarse, pero s\u00ed hay estudios de otros pa\u00edses y numerosos testimonios de j\u00f3venes que explican c\u00f3mo los afect\u00f3 negativamente haber sido criados por padres homosexuales\u201d, apunt\u00f3. La Iglesia cat\u00f3lica tambi\u00e9n habl\u00f3 del matrimonio igualitario. La contrarr\u00e9plica destac\u00f3 que s\u00ed afecta a las familias tradicionales, pues fomenta el estilo de vida gay. \u201cS\u00ed lo afecta, porque aqu\u00ed no se trata \u00fanicamente de que una pareja homosexual se case, sino de implementar en el pa\u00eds una serie de iniciativas que promueven el estilo de vida homosexual\u201d, precis\u00f3 el texto.<\/p>\n<p>&nbsp;<\/p>\n<p>La Arquidi\u00f3cesis detall\u00f3 que los matrimonios entre personas de un mismo sexo son inestables. \u201cPor otra parte, la inestabilidad de las uniones homosexuales se muestra en que ahora que tienen la opci\u00f3n de casarse y conformar un hogar estable, s\u00f3lo un m\u00ednimo porcentaje lo ha hecho\u201d, dice. Luego de la contrarr\u00e9plica, la Arquidi\u00f3cesis rechaz\u00f3 difundir un mensaje de odio y consider\u00f3 que, si la comunidad gay se siente ofendida, es bajo su propia responsabilidad.<\/p>\n","protected":false},"excerpt":{"rendered":"<p>&nbsp; Nuevamente la Arquidi\u00f3cesis de M\u00e9xico arremeti\u00f3 de nueva cuenta contra la comunidad l\u00e9sbica, gay, bisexual, travesti, transexual, transg\u00e9nero e intersexual (LGBTTTI) y en una contrarr\u00e9plica publicada este d\u00eda en su semanario Desde la Fe los acus\u00f3 de propagar enfermedades de transmisi\u00f3n sexual e impl\u00edcitamente los consider\u00f3 enfermos mentales. \u201cDicen [la comunidad LGBTTTI] que es &hellip; <\/p>\n<p><a class=\"more-link btn\" href=\"https:\/\/lamendigapolitica.com\/?p=41459\">Seguir leyendo<\/a><\/p>\n","protected":false},"author":1,"featured_media":0,"comment_status":"open","ping_status":"closed","sticky":false,"template":"","format":"standard","meta":{"footnotes":""},"categories":[6,20,3,21,22],"tags":[],"class_list":["post-41459","post","type-post","status-publish","format-standard","hentry","category-congreso","category-gobierno","category-politica","category-religion","category-sociales","item-wrap"],"_links":{"self":[{"href":"https:\/\/lamendigapolitica.com\/index.php?rest_route=\/wp\/v2\/posts\/41459","targetHints":{"allow":["GET"]}}],"collection":[{"href":"https:\/\/lamendigapolitica.com\/index.php?rest_route=\/wp\/v2\/posts"}],"about":[{"href":"https:\/\/lamendigapolitica.com\/index.php?rest_route=\/wp\/v2\/types\/post"}],"author":[{"embeddable":true,"href":"https:\/\/lamendigapolitica.com\/index.php?rest_route=\/wp\/v2\/users\/1"}],"replies":[{"embeddable":true,"href":"https:\/\/lamendigapolitica.com\/index.php?rest_route=%2Fwp%2Fv2%2Fcomments&post=41459"}],"version-history":[{"count":1,"href":"https:\/\/lamendigapolitica.com\/index.php?rest_route=\/wp\/v2\/posts\/41459\/revisions"}],"predecessor-version":[{"id":41461,"href":"https:\/\/lamendigapolitica.com\/index.php?rest_route=\/wp\/v2\/posts\/41459\/revisions\/41461"}],"wp:attachment":[{"href":"https:\/\/lamendigapolitica.com\/index.php?rest_route=%2Fwp%2Fv2%2Fmedia&parent=41459"}],"wp:term":[{"taxonomy":"category","embeddable":true,"href":"https:\/\/lamendigapolitica.com\/index.php?rest_route=%2Fwp%2Fv2%2Fcategories&post=41459"},{"taxonomy":"post_tag","embeddable":true,"href":"https:\/\/lamendigapolitica.com\/index.php?rest_route=%2Fwp%2Fv2%2Ftags&post=41459"}],"curies":[{"name":"wp","href":"https:\/\/api.w.org\/{rel}","templated":true}]}}