{"id":41450,"date":"2016-09-26T09:12:51","date_gmt":"2016-09-26T14:12:51","guid":{"rendered":"http:\/\/lamendigapolitica.com\/blog\/?p=41450"},"modified":"2016-09-26T09:12:51","modified_gmt":"2016-09-26T14:12:51","slug":"un-baligrafo-silenciara-los-fusiles-en-colombia","status":"publish","type":"post","link":"https:\/\/lamendigapolitica.com\/?p=41450","title":{"rendered":"Un &#8216;bal\u00edgrafo&#8217; silenciar\u00e1 los fusiles en Colombia"},"content":{"rendered":"<p><a href=\"https:\/\/lamendigapolitica.com\/blog\/blog\/wp-content\/uploads\/2016\/09\/bal\u00edgrafo.jpg\" rel=\"attachment wp-att-41451\"><img loading=\"lazy\" decoding=\"async\" class=\"aligncenter  wp-image-41451\" src=\"https:\/\/lamendigapolitica.com\/blog\/blog\/wp-content\/uploads\/2016\/09\/bal\u00edgrafo.jpg\" alt=\"baligrafo\" width=\"408\" height=\"207\" srcset=\"https:\/\/lamendigapolitica.com\/wp-content\/uploads\/2016\/09\/bal\u00edgrafo.jpg 315w, https:\/\/lamendigapolitica.com\/wp-content\/uploads\/2016\/09\/bal\u00edgrafo-300x152.jpg 300w\" sizes=\"auto, (max-width: 408px) 100vw, 408px\" \/><\/a><\/p>\n<p>&nbsp;<\/p>\n<p>Una bala de ametralladora convertida en bol\u00edgrafo, s\u00edmbolo del cambio en Colombia, ser\u00e1 usada el lunes por el presidente Juan Manuel Santos y el m\u00e1ximo l\u00edder de las FARC, Rodrigo Londo\u00f1o, para firmar el hist\u00f3rico acuerdo de paz que busca acabar con el conflicto armado m\u00e1s extenso de Am\u00e9rica Latina.<\/p>\n<p>&nbsp;<\/p>\n<p>\u201cNosotros creamos lo que hemos llamado un bal\u00edgrafo, que es una bala convertida en un estil\u00f3grafo, para decir que es la transici\u00f3n de las balas a la educaci\u00f3n, al futuro\u00bb, dijo Santos el domingo, un d\u00eda antes de la firma del acuerdo con el m\u00e1ximo l\u00edder de las Fuerzas Armadas Revolucionarias de Colombia (FARC), tambi\u00e9n conocido como &#8216;Timochenko&#8217;. \u201cY le voy a regalar a cada uno (de los invitados especiales) un bal\u00edgrafo y con ese bal\u00edgrafo vamos a firmar los acuerdos de paz\u00bb, precis\u00f3 el mandatario.<\/p>\n<p>&nbsp;<\/p>\n<p>Cada pieza, una bala calibre punto 50 transformada en bol\u00edgrafo, lleva grabada la frase: \u201cLas balas escribieron nuestro pasado. La paz, nuestro futuro\u00bb. El bal\u00edgrafo fue creado por el Ministerio de Educaci\u00f3n junto con la agencia McCann Colombia y el estudio de dise\u00f1o Reinhard Dienes Studio y el dise\u00f1ador Pablo Fog, seg\u00fan cont\u00f3 el propio mandatario en su perfil oficial en Facebook.<\/p>\n","protected":false},"excerpt":{"rendered":"<p>&nbsp; Una bala de ametralladora convertida en bol\u00edgrafo, s\u00edmbolo del cambio en Colombia, ser\u00e1 usada el lunes por el presidente Juan Manuel Santos y el m\u00e1ximo l\u00edder de las FARC, Rodrigo Londo\u00f1o, para firmar el hist\u00f3rico acuerdo de paz que busca acabar con el conflicto armado m\u00e1s extenso de Am\u00e9rica Latina. &nbsp; \u201cNosotros creamos lo &hellip; <\/p>\n<p><a class=\"more-link btn\" href=\"https:\/\/lamendigapolitica.com\/?p=41450\">Seguir leyendo<\/a><\/p>\n","protected":false},"author":1,"featured_media":0,"comment_status":"open","ping_status":"closed","sticky":false,"template":"","format":"standard","meta":{"footnotes":""},"categories":[6,20,31,3,27],"tags":[],"class_list":["post-41450","post","type-post","status-publish","format-standard","hentry","category-congreso","category-gobierno","category-internacional","category-politica","category-seguridad","item-wrap"],"_links":{"self":[{"href":"https:\/\/lamendigapolitica.com\/index.php?rest_route=\/wp\/v2\/posts\/41450","targetHints":{"allow":["GET"]}}],"collection":[{"href":"https:\/\/lamendigapolitica.com\/index.php?rest_route=\/wp\/v2\/posts"}],"about":[{"href":"https:\/\/lamendigapolitica.com\/index.php?rest_route=\/wp\/v2\/types\/post"}],"author":[{"embeddable":true,"href":"https:\/\/lamendigapolitica.com\/index.php?rest_route=\/wp\/v2\/users\/1"}],"replies":[{"embeddable":true,"href":"https:\/\/lamendigapolitica.com\/index.php?rest_route=%2Fwp%2Fv2%2Fcomments&post=41450"}],"version-history":[{"count":1,"href":"https:\/\/lamendigapolitica.com\/index.php?rest_route=\/wp\/v2\/posts\/41450\/revisions"}],"predecessor-version":[{"id":41452,"href":"https:\/\/lamendigapolitica.com\/index.php?rest_route=\/wp\/v2\/posts\/41450\/revisions\/41452"}],"wp:attachment":[{"href":"https:\/\/lamendigapolitica.com\/index.php?rest_route=%2Fwp%2Fv2%2Fmedia&parent=41450"}],"wp:term":[{"taxonomy":"category","embeddable":true,"href":"https:\/\/lamendigapolitica.com\/index.php?rest_route=%2Fwp%2Fv2%2Fcategories&post=41450"},{"taxonomy":"post_tag","embeddable":true,"href":"https:\/\/lamendigapolitica.com\/index.php?rest_route=%2Fwp%2Fv2%2Ftags&post=41450"}],"curies":[{"name":"wp","href":"https:\/\/api.w.org\/{rel}","templated":true}]}}