{"id":41425,"date":"2016-09-25T09:46:57","date_gmt":"2016-09-25T14:46:57","guid":{"rendered":"http:\/\/lamendigapolitica.com\/blog\/?p=41425"},"modified":"2016-09-25T09:46:57","modified_gmt":"2016-09-25T14:46:57","slug":"la-paz-toca-la-puerta-en-colombia","status":"publish","type":"post","link":"https:\/\/lamendigapolitica.com\/?p=41425","title":{"rendered":"La paz toca la puerta en Colombia"},"content":{"rendered":"<p><a href=\"https:\/\/lamendigapolitica.com\/blog\/blog\/wp-content\/uploads\/2016\/09\/la-paz.jpg\" rel=\"attachment wp-att-41426\"><img loading=\"lazy\" decoding=\"async\" class=\"aligncenter  wp-image-41426\" src=\"https:\/\/lamendigapolitica.com\/blog\/blog\/wp-content\/uploads\/2016\/09\/la-paz.jpg\" alt=\"la-paz\" width=\"394\" height=\"295\" \/><\/a><\/p>\n<p>&nbsp;<\/p>\n<p>Cuando el gobierno del presidente Juan Manuel Santos y las Fuerzas Armadas Revolucionarias de Colombia (FARC) firmen ma\u00f1ana el acuerdo formal de paz, iniciar\u00e1 una nueva era y quedar\u00e1 atr\u00e1s la lucha de m\u00e1s de cinco d\u00e9cadas, gracias a cuatro a\u00f1os de negociaciones en Cuba y una fuerte inversi\u00f3n pol\u00edtica y econ\u00f3mica que ahora continuar\u00e1 con el proceso de desmovilizaci\u00f3n. Santos, uno de los principales impulsores de esa negociaci\u00f3n, declar\u00f3 el 21 de agosto en la Asamblea General de la ONU que \u201cen Colombia estamos pasando la p\u00e1gina de la guerra para comenzar a escribir el cap\u00edtulo de la paz\u201d.<\/p>\n<p>&nbsp;<\/p>\n<p>La firma de ese pacto deber\u00e1 celebrarse ma\u00f1ana en Cartagena de Indias en una ceremonia que encabezar\u00e1 Santos y el m\u00e1ximo jefe de las FARC, Rodrigo Londo\u00f1o Echeverri, alias Timochenko, con la presencia de varios jefes de Estado, entre ellos el presidente de M\u00e9xico, Enrique Pe\u00f1a Nieto, de acuerdo con la Canciller\u00eda colombiana. Ese proceso de paz con las FARC le ha costado m\u00e1s de 14 mil millones de pesos colombianos al Fondo de Programas Especiales para la Paz de la Presidencia, report\u00f3 el diario colombiano El Espectador.<\/p>\n<p>&nbsp;<\/p>\n<p>La cifra exacta es 114 mil 592 millones 591.719 pesos colombianos (al menos cuatro millones 948 mil d\u00f3lares), y se pudo conocer gracias a un derecho de petici\u00f3n interpuesto por el abogado Hern\u00e1n Dar\u00edo Cadavid, quien public\u00f3 en su cuenta de Twitter la respuesta del gobierno colombiano. Seg\u00fan el documento, ese organismo gubernamental no destin\u00f3 dinero para la estad\u00eda y manutenci\u00f3n de la delegaci\u00f3n de las FARC y tampoco presupuest\u00f3 ni ejecut\u00f3 costos por los retrasos que se presentaron en el proceso de paz.<\/p>\n<p>&nbsp;<\/p>\n<p>Otra investigaci\u00f3n denominada \u201cLas cifras de la guerra y de la transici\u00f3n\u201d, realizada por el Instituto de Estudios para el Desarrollo y la Paz (Indepaz) y la Agencia de Comunicaciones para la Paz (Acpaz), se\u00f1ala que en seis d\u00e9cadas el pa\u00eds sudamericano gast\u00f3 en la guerra 411 billones de pesos colombianos (139 mil 367 millones de d\u00f3lares), public\u00f3 el diario El Tiempo. Seg\u00fan la investigaci\u00f3n, el promedio del gasto estatal en lo que tiene que ver con la guerra fue de 7.6 billones de pesos colombianos por a\u00f1o, lo que significa que fue de 22 mil millones de pesos colombianos por d\u00eda (unos 7.5 millones de d\u00f3lares). El texto completo puede consultarse en el acuerdo final de paz.<\/p>\n","protected":false},"excerpt":{"rendered":"<p>&nbsp; Cuando el gobierno del presidente Juan Manuel Santos y las Fuerzas Armadas Revolucionarias de Colombia (FARC) firmen ma\u00f1ana el acuerdo formal de paz, iniciar\u00e1 una nueva era y quedar\u00e1 atr\u00e1s la lucha de m\u00e1s de cinco d\u00e9cadas, gracias a cuatro a\u00f1os de negociaciones en Cuba y una fuerte inversi\u00f3n pol\u00edtica y econ\u00f3mica que ahora &hellip; <\/p>\n<p><a class=\"more-link btn\" href=\"https:\/\/lamendigapolitica.com\/?p=41425\">Seguir leyendo<\/a><\/p>\n","protected":false},"author":1,"featured_media":0,"comment_status":"open","ping_status":"closed","sticky":false,"template":"","format":"standard","meta":{"footnotes":""},"categories":[20,31,3],"tags":[],"class_list":["post-41425","post","type-post","status-publish","format-standard","hentry","category-gobierno","category-internacional","category-politica","item-wrap"],"_links":{"self":[{"href":"https:\/\/lamendigapolitica.com\/index.php?rest_route=\/wp\/v2\/posts\/41425","targetHints":{"allow":["GET"]}}],"collection":[{"href":"https:\/\/lamendigapolitica.com\/index.php?rest_route=\/wp\/v2\/posts"}],"about":[{"href":"https:\/\/lamendigapolitica.com\/index.php?rest_route=\/wp\/v2\/types\/post"}],"author":[{"embeddable":true,"href":"https:\/\/lamendigapolitica.com\/index.php?rest_route=\/wp\/v2\/users\/1"}],"replies":[{"embeddable":true,"href":"https:\/\/lamendigapolitica.com\/index.php?rest_route=%2Fwp%2Fv2%2Fcomments&post=41425"}],"version-history":[{"count":1,"href":"https:\/\/lamendigapolitica.com\/index.php?rest_route=\/wp\/v2\/posts\/41425\/revisions"}],"predecessor-version":[{"id":41427,"href":"https:\/\/lamendigapolitica.com\/index.php?rest_route=\/wp\/v2\/posts\/41425\/revisions\/41427"}],"wp:attachment":[{"href":"https:\/\/lamendigapolitica.com\/index.php?rest_route=%2Fwp%2Fv2%2Fmedia&parent=41425"}],"wp:term":[{"taxonomy":"category","embeddable":true,"href":"https:\/\/lamendigapolitica.com\/index.php?rest_route=%2Fwp%2Fv2%2Fcategories&post=41425"},{"taxonomy":"post_tag","embeddable":true,"href":"https:\/\/lamendigapolitica.com\/index.php?rest_route=%2Fwp%2Fv2%2Ftags&post=41425"}],"curies":[{"name":"wp","href":"https:\/\/api.w.org\/{rel}","templated":true}]}}