{"id":41422,"date":"2016-09-25T09:32:34","date_gmt":"2016-09-25T14:32:34","guid":{"rendered":"http:\/\/lamendigapolitica.com\/blog\/?p=41422"},"modified":"2016-09-25T09:32:34","modified_gmt":"2016-09-25T14:32:34","slug":"entre-el-dolor-y-la-fe-de-hallar-a-sus-hijos-vivos","status":"publish","type":"post","link":"https:\/\/lamendigapolitica.com\/?p=41422","title":{"rendered":"Entre el dolor y la fe de hallar a sus hijos vivos"},"content":{"rendered":"<p><a href=\"https:\/\/lamendigapolitica.com\/blog\/blog\/wp-content\/uploads\/2016\/09\/43.jpg\" rel=\"attachment wp-att-41423\"><img loading=\"lazy\" decoding=\"async\" class=\"aligncenter  wp-image-41423\" src=\"https:\/\/lamendigapolitica.com\/blog\/blog\/wp-content\/uploads\/2016\/09\/43.jpg\" alt=\"43\" width=\"416\" height=\"233\" \/><\/a><\/p>\n<p>&nbsp;<\/p>\n<p>Son casi dos a\u00f1os, con sus 730 d\u00edas y sus dolorosas noches, los que llevan los padres de los 43 desaparecidos de Ayotzinapa buscando a sus hijos con la esperanza de hallarlos con vida mientras se enfrentan a un dolor y las dudas, \u201cEstos dos a\u00f1os han sido desesperantes, como una pesadilla que estamos viviendo. Cada d\u00eda que despertamos y vemos su cama, sus cosas, es como estar muriendo en vida\u201d, dijo a Hilda Legide\u00f1o, madre de Jorge Antonio, de tan solo 20 a\u00f1os cuando desapareci\u00f3 el 26 de septiembre de 2014 en Iguala, en el sure\u00f1o estado de Guerrero, publica hoy 24 Horas.<\/p>\n<p>&nbsp;<\/p>\n<p>Jorge Antonio fue uno de los protagonistas involuntarios de esta tragedia que marc\u00f3 la historia de M\u00e9xico y se fue dejando una ni\u00f1a de tres a\u00f1os y el deseo de convertirse en maestro estudiando en la Normal \u201cRa\u00fal Isidro Burgos\u201d de Ayotzinapa, que forma docentes para comunidades rurales. \u201c\u00c9l era muy travieso, muy inquieto. Le pusieron el apodo del Ni\u00f1o porque tiene la facilidad de convivir con todo el mundo\u201d, recuerda hoy Hilda, madre de tres hijos y abuela. El testimonio de Hilda es parecido a la de la mayor\u00eda de padres de Iguala, en su mayor\u00eda gente de pocos recursos y de zonas desfavorecidas del empobrecido y violento estado de Guerrero que, dos a\u00f1os despu\u00e9s del suceso, han abandonado lo poco que ten\u00edan para exigir verdad y justicia.<\/p>\n<p>&nbsp;<\/p>\n<p>\u201cTodo lo hemos perdido para enfocarnos a buscar a nuestro hijos\u201d, cuenta esta mujer que cerr\u00f3 una \u201cpeque\u00f1a tiendita\u201d en la que vend\u00eda art\u00edculos de papel, como pi\u00f1atas o flores, que confeccionaba ella misma. Sobre el caso Iguala siguen planeando muchas dudas y se acusa a la Fiscal\u00eda general de irregularidades en las investigaciones que condujeron a la versi\u00f3n oficial. Seg\u00fan esta, en esa fat\u00eddica noche, en la que tambi\u00e9n murieron seis personas, los 43 j\u00f3venes fueron detenidos por polic\u00edas corruptos y entregados al c\u00e1rtel Guerreros Unidos, quienes los asesinaron y quemaron en el basurero de Cocula. \u201cCada noticia del Gobierno es como una pu\u00f1alada para nosotros\u201d, explic\u00f3 esta madre.<\/p>\n<p>&nbsp;<\/p>\n<p>Gracias a este esp\u00edritu combativo, el movimiento de los 43 sigue vivo dos a\u00f1os despu\u00e9s de la tragedia, y la insistencia por el esclarecimiento de los hechos ha llevado a la Fiscal\u00eda a admitir recientemente que est\u00e1 \u201cabierta\u201d y explora \u201ctodas las l\u00edneas de investigaci\u00f3n\u201d. Tambi\u00e9n dej\u00f3 su cargo este mes el titular de la Agencia de Investigaci\u00f3n Criminal (AIC), Tom\u00e1s Zer\u00f3n, acusado por los padres de sembrar evidencias para apuntalar la versi\u00f3n oficial del caso. \u201cComo padres todo ha sido dif\u00edcil y hemos tratado de superar todo y estar juntos. Sabemos que el mismo dolor nos une\u201d, se\u00f1alan.<\/p>\n<p>&nbsp;<\/p>\n<p>Y persiguen con tanta fiereza la verdad que no saben qu\u00e9 puede llegar despu\u00e9s. \u201cNo estamos preparados para ninguna noticia. Sabemos que nuestros hijos podemos encontrarlos vivos, pero tambi\u00e9n que no\u201d, reconoci\u00f3 una entristecida Hilda. El insigne \u201cVivos se los llevaron, vivos los queremos\u201d, que les ha acompa\u00f1ado desde el principio, no siempre responde en momentos de flaqueza.<\/p>\n","protected":false},"excerpt":{"rendered":"<p>&nbsp; Son casi dos a\u00f1os, con sus 730 d\u00edas y sus dolorosas noches, los que llevan los padres de los 43 desaparecidos de Ayotzinapa buscando a sus hijos con la esperanza de hallarlos con vida mientras se enfrentan a un dolor y las dudas, \u201cEstos dos a\u00f1os han sido desesperantes, como una pesadilla que estamos &hellip; <\/p>\n<p><a class=\"more-link btn\" href=\"https:\/\/lamendigapolitica.com\/?p=41422\">Seguir leyendo<\/a><\/p>\n","protected":false},"author":1,"featured_media":0,"comment_status":"open","ping_status":"closed","sticky":false,"template":"","format":"standard","meta":{"footnotes":""},"categories":[6,20,5,3,27],"tags":[],"class_list":["post-41422","post","type-post","status-publish","format-standard","hentry","category-congreso","category-gobierno","category-partidos","category-politica","category-seguridad","item-wrap"],"_links":{"self":[{"href":"https:\/\/lamendigapolitica.com\/index.php?rest_route=\/wp\/v2\/posts\/41422","targetHints":{"allow":["GET"]}}],"collection":[{"href":"https:\/\/lamendigapolitica.com\/index.php?rest_route=\/wp\/v2\/posts"}],"about":[{"href":"https:\/\/lamendigapolitica.com\/index.php?rest_route=\/wp\/v2\/types\/post"}],"author":[{"embeddable":true,"href":"https:\/\/lamendigapolitica.com\/index.php?rest_route=\/wp\/v2\/users\/1"}],"replies":[{"embeddable":true,"href":"https:\/\/lamendigapolitica.com\/index.php?rest_route=%2Fwp%2Fv2%2Fcomments&post=41422"}],"version-history":[{"count":1,"href":"https:\/\/lamendigapolitica.com\/index.php?rest_route=\/wp\/v2\/posts\/41422\/revisions"}],"predecessor-version":[{"id":41424,"href":"https:\/\/lamendigapolitica.com\/index.php?rest_route=\/wp\/v2\/posts\/41422\/revisions\/41424"}],"wp:attachment":[{"href":"https:\/\/lamendigapolitica.com\/index.php?rest_route=%2Fwp%2Fv2%2Fmedia&parent=41422"}],"wp:term":[{"taxonomy":"category","embeddable":true,"href":"https:\/\/lamendigapolitica.com\/index.php?rest_route=%2Fwp%2Fv2%2Fcategories&post=41422"},{"taxonomy":"post_tag","embeddable":true,"href":"https:\/\/lamendigapolitica.com\/index.php?rest_route=%2Fwp%2Fv2%2Ftags&post=41422"}],"curies":[{"name":"wp","href":"https:\/\/api.w.org\/{rel}","templated":true}]}}