{"id":41409,"date":"2016-09-24T19:01:50","date_gmt":"2016-09-25T00:01:50","guid":{"rendered":"http:\/\/lamendigapolitica.com\/blog\/?p=41409"},"modified":"2016-09-24T19:01:50","modified_gmt":"2016-09-25T00:01:50","slug":"canal-22-estrenara-documental-sembradores-de-agua","status":"publish","type":"post","link":"https:\/\/lamendigapolitica.com\/?p=41409","title":{"rendered":"Canal 22 estrenar\u00e1 documental \u201cSembradores de agua\u201d"},"content":{"rendered":"<p><a href=\"https:\/\/lamendigapolitica.com\/blog\/blog\/wp-content\/uploads\/2016\/09\/sembradores.jpg\" rel=\"attachment wp-att-41410\"><img loading=\"lazy\" decoding=\"async\" class=\"aligncenter  wp-image-41410\" src=\"https:\/\/lamendigapolitica.com\/blog\/blog\/wp-content\/uploads\/2016\/09\/sembradores.jpg\" alt=\"sembradores\" width=\"406\" height=\"270\" \/><\/a><\/p>\n<p>&nbsp;<\/p>\n<p>El documental \u201cSembradores de agua\u201d, del director Mohamed Hussain, ganador del premio DOCTV Latinoam\u00e9rica V, ser\u00e1 estrenado a trav\u00e9s del programa \u201cVisi\u00f3n Perif\u00e9rica\u201d de Canal 22 el pr\u00f3ximo lunes 26 de septiembre, anunci\u00f3 la televisora, seg\u00fan informa Notitex<\/p>\n<p>Durante la emisi\u00f3n se mostrar\u00e1 las alternativas que agricultores sudamericanos implementan ante la falta de agua, as\u00ed como el d\u00eda a d\u00eda de los pobladores de una comunidad andina, quienes usan secretos ancestrales para \u201csembrar\u201d agua.<\/p>\n<p>&nbsp;<\/p>\n<p>Asimismo, el televidente conocer\u00e1 los lugares sagrados donde se llevan a cabo rituales con toques de magia, las ofrendas que realizan y la manera en que agradecen la \u201ccosecha\u201d del vital l\u00edquido, explic\u00f3 en un comunicado la televisora cultural. En \u201cSembradores de agua\u201d, el bien com\u00fan, la conciencia colectiva, el amor, respeto y cuidado por el medio ambiente son los objetivos que promueven los habitantes de la comunidad, explic\u00f3.<\/p>\n<p>&nbsp;<\/p>\n<p>Adem\u00e1s, el documental relata su lucha para conservar intacto el predio \u201cAg\u00fcita de la virgen\u201d, considerado una fuente vida, ya que ah\u00ed nace el agua, y por medio de la uni\u00f3n buscan evitar que alguna empresa lo adquiera, mencion\u00f3. \u201cVisi\u00f3n perif\u00e9rica\u201d es conducido por la periodista Jacaranda Correa y tiene como fin la difusi\u00f3n de documentales en los que se muestra la forma en la que un autor puede analizar un hecho bajo un enfoque amplio y global, con una perspectiva in\u00e9dita y fruto de un largo proceso de investigaci\u00f3n y observaci\u00f3n, finaliz\u00f3.<\/p>\n","protected":false},"excerpt":{"rendered":"<p>&nbsp; El documental \u201cSembradores de agua\u201d, del director Mohamed Hussain, ganador del premio DOCTV Latinoam\u00e9rica V, ser\u00e1 estrenado a trav\u00e9s del programa \u201cVisi\u00f3n Perif\u00e9rica\u201d de Canal 22 el pr\u00f3ximo lunes 26 de septiembre, anunci\u00f3 la televisora, seg\u00fan informa Notitex Durante la emisi\u00f3n se mostrar\u00e1 las alternativas que agricultores sudamericanos implementan ante la falta de agua, &hellip; <\/p>\n<p><a class=\"more-link btn\" href=\"https:\/\/lamendigapolitica.com\/?p=41409\">Seguir leyendo<\/a><\/p>\n","protected":false},"author":1,"featured_media":0,"comment_status":"open","ping_status":"closed","sticky":false,"template":"","format":"standard","meta":{"footnotes":""},"categories":[6,26,30,20,5,3,27,22],"tags":[],"class_list":["post-41409","post","type-post","status-publish","format-standard","hentry","category-congreso","category-cultura","category-economia","category-gobierno","category-partidos","category-politica","category-seguridad","category-sociales","item-wrap"],"_links":{"self":[{"href":"https:\/\/lamendigapolitica.com\/index.php?rest_route=\/wp\/v2\/posts\/41409","targetHints":{"allow":["GET"]}}],"collection":[{"href":"https:\/\/lamendigapolitica.com\/index.php?rest_route=\/wp\/v2\/posts"}],"about":[{"href":"https:\/\/lamendigapolitica.com\/index.php?rest_route=\/wp\/v2\/types\/post"}],"author":[{"embeddable":true,"href":"https:\/\/lamendigapolitica.com\/index.php?rest_route=\/wp\/v2\/users\/1"}],"replies":[{"embeddable":true,"href":"https:\/\/lamendigapolitica.com\/index.php?rest_route=%2Fwp%2Fv2%2Fcomments&post=41409"}],"version-history":[{"count":1,"href":"https:\/\/lamendigapolitica.com\/index.php?rest_route=\/wp\/v2\/posts\/41409\/revisions"}],"predecessor-version":[{"id":41411,"href":"https:\/\/lamendigapolitica.com\/index.php?rest_route=\/wp\/v2\/posts\/41409\/revisions\/41411"}],"wp:attachment":[{"href":"https:\/\/lamendigapolitica.com\/index.php?rest_route=%2Fwp%2Fv2%2Fmedia&parent=41409"}],"wp:term":[{"taxonomy":"category","embeddable":true,"href":"https:\/\/lamendigapolitica.com\/index.php?rest_route=%2Fwp%2Fv2%2Fcategories&post=41409"},{"taxonomy":"post_tag","embeddable":true,"href":"https:\/\/lamendigapolitica.com\/index.php?rest_route=%2Fwp%2Fv2%2Ftags&post=41409"}],"curies":[{"name":"wp","href":"https:\/\/api.w.org\/{rel}","templated":true}]}}