{"id":41386,"date":"2016-09-24T09:52:28","date_gmt":"2016-09-24T14:52:28","guid":{"rendered":"http:\/\/lamendigapolitica.com\/blog\/?p=41386"},"modified":"2016-09-24T09:52:28","modified_gmt":"2016-09-24T14:52:28","slug":"el-dalai-lama-imita-a-donald-trump-en-television","status":"publish","type":"post","link":"https:\/\/lamendigapolitica.com\/?p=41386","title":{"rendered":"El Dalai Lama imita a Donald Trump en televisi\u00f3n"},"content":{"rendered":"<p><a href=\"https:\/\/lamendigapolitica.com\/blog\/blog\/wp-content\/uploads\/2016\/09\/dalai.jpg\" rel=\"attachment wp-att-41387\"><img loading=\"lazy\" decoding=\"async\" class=\"aligncenter  wp-image-41387\" src=\"https:\/\/lamendigapolitica.com\/blog\/blog\/wp-content\/uploads\/2016\/09\/dalai.jpg\" alt=\"dalai\" width=\"382\" height=\"224\" \/><\/a><\/p>\n<p>&nbsp;<\/p>\n<p>El Dalai Lama imit\u00f3 al candidato republicano a la Presidencia de Estados Unidos, Donald Trump, durante una entrevista concedida al programa \u201cGood Morning Britain\u201d de la cadena de noticias ITV.<\/p>\n<p>&nbsp;<\/p>\n<p>En la entrevista, el l\u00edder espiritual fue cuestionado por el conductor del programa, Piers Morgan, sobre si conoc\u00eda al magnate inmobiliario, a lo que el Dalai Lama contest\u00f3 que no pero aprovech\u00f3 para imitarlo. \u201cNo s\u00e9, a veces es as\u00ed, como la forma de su pelo y su boca es peque\u00f1a\u201d, dijo el l\u00edder espiritual mientras \u201crecreaba\u201d con su manos el peculiar copete del magnate al mismo tiempo que imitaba los movimientos de su boca.<\/p>\n<p>&nbsp;<\/p>\n<p>Piers Morgan aprovech\u00f3 la ocasi\u00f3n para preguntarle al Dalai Lama su opini\u00f3n sobre la crisis de refugiados que se vive en el mundo.\u201d\u00bfEstamos viviendo en un mundo m\u00e1s complicado que en el que sol\u00edamos vivir o en realidad est\u00e1 mejorando?\u201d, pregunt\u00f3 el periodista, \u201cPienso que est\u00e1 mejor\u201d, respondi\u00f3 de manera tajante el l\u00edder espiritual.<\/p>\n","protected":false},"excerpt":{"rendered":"<p>&nbsp; El Dalai Lama imit\u00f3 al candidato republicano a la Presidencia de Estados Unidos, Donald Trump, durante una entrevista concedida al programa \u201cGood Morning Britain\u201d de la cadena de noticias ITV. &nbsp; En la entrevista, el l\u00edder espiritual fue cuestionado por el conductor del programa, Piers Morgan, sobre si conoc\u00eda al magnate inmobiliario, a lo &hellip; <\/p>\n<p><a class=\"more-link btn\" href=\"https:\/\/lamendigapolitica.com\/?p=41386\">Seguir leyendo<\/a><\/p>\n","protected":false},"author":1,"featured_media":0,"comment_status":"open","ping_status":"closed","sticky":false,"template":"","format":"standard","meta":{"footnotes":""},"categories":[20,31,5,3,21],"tags":[],"class_list":["post-41386","post","type-post","status-publish","format-standard","hentry","category-gobierno","category-internacional","category-partidos","category-politica","category-religion","item-wrap"],"_links":{"self":[{"href":"https:\/\/lamendigapolitica.com\/index.php?rest_route=\/wp\/v2\/posts\/41386","targetHints":{"allow":["GET"]}}],"collection":[{"href":"https:\/\/lamendigapolitica.com\/index.php?rest_route=\/wp\/v2\/posts"}],"about":[{"href":"https:\/\/lamendigapolitica.com\/index.php?rest_route=\/wp\/v2\/types\/post"}],"author":[{"embeddable":true,"href":"https:\/\/lamendigapolitica.com\/index.php?rest_route=\/wp\/v2\/users\/1"}],"replies":[{"embeddable":true,"href":"https:\/\/lamendigapolitica.com\/index.php?rest_route=%2Fwp%2Fv2%2Fcomments&post=41386"}],"version-history":[{"count":1,"href":"https:\/\/lamendigapolitica.com\/index.php?rest_route=\/wp\/v2\/posts\/41386\/revisions"}],"predecessor-version":[{"id":41388,"href":"https:\/\/lamendigapolitica.com\/index.php?rest_route=\/wp\/v2\/posts\/41386\/revisions\/41388"}],"wp:attachment":[{"href":"https:\/\/lamendigapolitica.com\/index.php?rest_route=%2Fwp%2Fv2%2Fmedia&parent=41386"}],"wp:term":[{"taxonomy":"category","embeddable":true,"href":"https:\/\/lamendigapolitica.com\/index.php?rest_route=%2Fwp%2Fv2%2Fcategories&post=41386"},{"taxonomy":"post_tag","embeddable":true,"href":"https:\/\/lamendigapolitica.com\/index.php?rest_route=%2Fwp%2Fv2%2Ftags&post=41386"}],"curies":[{"name":"wp","href":"https:\/\/api.w.org\/{rel}","templated":true}]}}