{"id":41371,"date":"2016-09-23T16:49:06","date_gmt":"2016-09-23T21:49:06","guid":{"rendered":"http:\/\/lamendigapolitica.com\/blog\/?p=41371"},"modified":"2016-09-23T16:49:06","modified_gmt":"2016-09-23T21:49:06","slug":"apuestan-gobernador-y-embajador-por-la-presencia-permanente-de-jalisco-en-japon","status":"publish","type":"post","link":"https:\/\/lamendigapolitica.com\/?p=41371","title":{"rendered":"Apuestan Gobernador y Embajador por la presencia permanente de Jalisco en Jap\u00f3n"},"content":{"rendered":"<p><a href=\"https:\/\/lamendigapolitica.com\/blog\/blog\/wp-content\/uploads\/2016\/09\/29579084900_418f23f603_z.jpg\" rel=\"attachment wp-att-41372\"><img loading=\"lazy\" decoding=\"async\" class=\"aligncenter  wp-image-41372\" src=\"https:\/\/lamendigapolitica.com\/blog\/blog\/wp-content\/uploads\/2016\/09\/29579084900_418f23f603_z.jpg\" alt=\"29579084900_418f23f603_z\" width=\"410\" height=\"260\" \/><\/a><\/p>\n<p>&nbsp;<\/p>\n<p>Aspectos sobre las oportunidades de negocios que se abren con la presencia constante de autoridades mexicanas, particularmente de Jalisco, en el pa\u00eds nip\u00f3n, donde se fortalecen las acciones de promoci\u00f3n, seguimiento y gesti\u00f3n para poder concretar nuevas inversiones dialog\u00f3 el Gobernador del Estado, Arist\u00f3teles Sandoval, se reuni\u00f3 este viernes con el embajador de M\u00e9xico en Jap\u00f3n, Carlos Almada L\u00f3pez durante su segundo d\u00eda de gira por el pa\u00eds asi\u00e1tico.<\/p>\n<p>&nbsp;<\/p>\n<p>Ambos coincidieron en las ventajas competitivas que tienen M\u00e9xico como pa\u00eds y Jalisco como entidad altamente calificada en su capital humano, tecnol\u00f3gico y de innovaci\u00f3n, as\u00ed como en el sector agroalimentario. \u00a0\u201cA nosotros nos interesa seguir manteniendo y m\u00e1s all\u00e1, consolidar el trabajo, la presencia de Jalisco y el crecimiento que queremos que tenga, creo que esto ya debe de quedar por sistema, ya yo creo que tenemos que salir a\u00f1o con a\u00f1o, quien est\u00e9 tiene que salir a\u00f1o con a\u00f1o a Jap\u00f3n, destac\u00f3 el Gobernador de Jalisco.<\/p>\n<p>&nbsp;<\/p>\n<p>El encuentro fue marco para hablar del sector tur\u00edstico y de los proyectos a destacar el pr\u00f3ximo a\u00f1o a trav\u00e9s de una feria amenizada con mariachi, tequila y gastronom\u00eda t\u00edpica de Jalisco y M\u00e9xico, esto con la intenci\u00f3n de atraer visitantes nipones a los destinos m\u00e1s atractivos de la entidad.<\/p>\n","protected":false},"excerpt":{"rendered":"<p>&nbsp; Aspectos sobre las oportunidades de negocios que se abren con la presencia constante de autoridades mexicanas, particularmente de Jalisco, en el pa\u00eds nip\u00f3n, donde se fortalecen las acciones de promoci\u00f3n, seguimiento y gesti\u00f3n para poder concretar nuevas inversiones dialog\u00f3 el Gobernador del Estado, Arist\u00f3teles Sandoval, se reuni\u00f3 este viernes con el embajador de M\u00e9xico &hellip; <\/p>\n<p><a class=\"more-link btn\" href=\"https:\/\/lamendigapolitica.com\/?p=41371\">Seguir leyendo<\/a><\/p>\n","protected":false},"author":1,"featured_media":0,"comment_status":"open","ping_status":"closed","sticky":false,"template":"","format":"standard","meta":{"footnotes":""},"categories":[6,30,20,31,5,3],"tags":[],"class_list":["post-41371","post","type-post","status-publish","format-standard","hentry","category-congreso","category-economia","category-gobierno","category-internacional","category-partidos","category-politica","item-wrap"],"_links":{"self":[{"href":"https:\/\/lamendigapolitica.com\/index.php?rest_route=\/wp\/v2\/posts\/41371","targetHints":{"allow":["GET"]}}],"collection":[{"href":"https:\/\/lamendigapolitica.com\/index.php?rest_route=\/wp\/v2\/posts"}],"about":[{"href":"https:\/\/lamendigapolitica.com\/index.php?rest_route=\/wp\/v2\/types\/post"}],"author":[{"embeddable":true,"href":"https:\/\/lamendigapolitica.com\/index.php?rest_route=\/wp\/v2\/users\/1"}],"replies":[{"embeddable":true,"href":"https:\/\/lamendigapolitica.com\/index.php?rest_route=%2Fwp%2Fv2%2Fcomments&post=41371"}],"version-history":[{"count":1,"href":"https:\/\/lamendigapolitica.com\/index.php?rest_route=\/wp\/v2\/posts\/41371\/revisions"}],"predecessor-version":[{"id":41373,"href":"https:\/\/lamendigapolitica.com\/index.php?rest_route=\/wp\/v2\/posts\/41371\/revisions\/41373"}],"wp:attachment":[{"href":"https:\/\/lamendigapolitica.com\/index.php?rest_route=%2Fwp%2Fv2%2Fmedia&parent=41371"}],"wp:term":[{"taxonomy":"category","embeddable":true,"href":"https:\/\/lamendigapolitica.com\/index.php?rest_route=%2Fwp%2Fv2%2Fcategories&post=41371"},{"taxonomy":"post_tag","embeddable":true,"href":"https:\/\/lamendigapolitica.com\/index.php?rest_route=%2Fwp%2Fv2%2Ftags&post=41371"}],"curies":[{"name":"wp","href":"https:\/\/api.w.org\/{rel}","templated":true}]}}