{"id":41365,"date":"2016-09-23T10:34:43","date_gmt":"2016-09-23T15:34:43","guid":{"rendered":"http:\/\/lamendigapolitica.com\/blog\/?p=41365"},"modified":"2016-09-23T10:44:10","modified_gmt":"2016-09-23T15:44:10","slug":"efemerides-del-23-de-septiembre","status":"publish","type":"post","link":"https:\/\/lamendigapolitica.com\/?p=41365","title":{"rendered":"Efem\u00e9rides del 23 de septiembre"},"content":{"rendered":"<p><a href=\"https:\/\/lamendigapolitica.com\/blog\/blog\/wp-content\/uploads\/2016\/09\/poli.jpg\" rel=\"attachment wp-att-41367\"><img loading=\"lazy\" decoding=\"async\" class=\"aligncenter wp-image-41367\" src=\"https:\/\/lamendigapolitica.com\/blog\/blog\/wp-content\/uploads\/2016\/09\/poli.jpg\" alt=\"poli\" width=\"374\" height=\"257\" \/><\/a><\/p>\n<p>&nbsp;<\/p>\n<p>480 a.C. Nace Eur\u00edpides, dramaturgo griego que junto con Esquilo y S\u00f3focles conforma los Tres Grandes Poetas Tr\u00e1gicos de \u00c1tica. Autor de \u00abLas ranas\u00bb, \u00abMedea\u00bb y \u00abLas bacantes\u00bb, entre muchas otras obras. Muere en el a\u00f1o 406 a.C.<\/p>\n<p>&nbsp;<\/p>\n<ol start=\"1521\">\n<li>Tras vencer a los aztecas, el conquistador espa\u00f1ol Hern\u00e1n Cort\u00e9s asume el cargo de Justicia Mayor y Capit\u00e1n General de los nuevos dominios espa\u00f1oles. Funda ese mismo d\u00eda la Villa de Coyoac\u00e1n y ordena hacer una nueva traza de la Gran Tenochtitlan.<\/li>\n<\/ol>\n<p>&nbsp;<\/p>\n<ol start=\"1862\">\n<li>Abrham Lincoln declara abolida la esclavitud en EUA<\/li>\n<\/ol>\n<p>&nbsp;<\/p>\n<ol start=\"1889\">\n<li>En Jap\u00f3n se funda la f\u00e1brica de naipes Nintendo (que en el futuro desarrollar\u00e1 videojuegos).<\/li>\n<\/ol>\n<p>&nbsp;<\/p>\n<ol start=\"1909\">\n<li>Se publica por primera vez la novela por fasc\u00edculos de Gaston Leroux, El fantasma de la \u00f3pera (original: Le Fant\u00f4me de l&#8217;Op\u00e9ra).<\/li>\n<\/ol>\n<ol start=\"1917\">\n<li>Nace en Tulancingo de Bravo Rodolfo Guzm\u00e1n Huerta, un luchador profesional conocido como el Santo \u00edcono de la cultura popular mexicana<\/li>\n<\/ol>\n<ol start=\"1939\">\n<li>Muere el m\u00e9dico y neur\u00f3logo austriaco Sigmund Freud, \u00abEl padre del psicoan\u00e1lisis\u00bb. Es autor de \u00abM\u00e1s all\u00e1 del principio del placer\u00bb y \u00abLa interpretaci\u00f3n de los sue\u00f1os\u00bb, entre otras obras. Nace el 6 de mayo de 1856.<\/li>\n<\/ol>\n<p>&nbsp;<\/p>\n<ol start=\"1968\">\n<li>En M\u00e9xico el ej\u00e9rcito invade las instalaciones del Instituto Polit\u00e9cnico Nacional en el Casco de Santo Tom\u00e1s, capturando y matando a una gran cantidad de estudiantes<\/li>\n<\/ol>\n<p>&nbsp;<\/p>\n<ol start=\"1969\">\n<li>Difunde rumor y leyenda: Paul McCartney ha muerto<\/li>\n<\/ol>\n<p>&nbsp;<\/p>\n<ol start=\"1973\">\n<li>Muere el poeta chileno Pablo Neruda, 12 d\u00edas despu\u00e9s de la ca\u00edda de Salvador Allende, tras el golpe de estado de Pinochet.<\/li>\n<\/ol>\n<p>&nbsp;<\/p>\n<ol start=\"1990\">\n<li>Saddam Husseim amenaza con destruir Israel.<\/li>\n<\/ol>\n<p>&nbsp;<\/p>\n<ol start=\"2012\">\n<li>En todo M\u00e9xico gran oposici\u00f3n a la Reforma Laboral del Presidente Felipe Calder\u00f3n, por minimizar los derechos de los trabajadores<\/li>\n<\/ol>\n","protected":false},"excerpt":{"rendered":"<p>&nbsp; 480 a.C. Nace Eur\u00edpides, dramaturgo griego que junto con Esquilo y S\u00f3focles conforma los Tres Grandes Poetas Tr\u00e1gicos de \u00c1tica. Autor de \u00abLas ranas\u00bb, \u00abMedea\u00bb y \u00abLas bacantes\u00bb, entre muchas otras obras. Muere en el a\u00f1o 406 a.C. &nbsp; Tras vencer a los aztecas, el conquistador espa\u00f1ol Hern\u00e1n Cort\u00e9s asume el cargo de Justicia &hellip; <\/p>\n<p><a class=\"more-link btn\" href=\"https:\/\/lamendigapolitica.com\/?p=41365\">Seguir leyendo<\/a><\/p>\n","protected":false},"author":1,"featured_media":0,"comment_status":"open","ping_status":"closed","sticky":false,"template":"","format":"standard","meta":{"footnotes":""},"categories":[26,20,31,22],"tags":[],"class_list":["post-41365","post","type-post","status-publish","format-standard","hentry","category-cultura","category-gobierno","category-internacional","category-sociales","item-wrap"],"_links":{"self":[{"href":"https:\/\/lamendigapolitica.com\/index.php?rest_route=\/wp\/v2\/posts\/41365","targetHints":{"allow":["GET"]}}],"collection":[{"href":"https:\/\/lamendigapolitica.com\/index.php?rest_route=\/wp\/v2\/posts"}],"about":[{"href":"https:\/\/lamendigapolitica.com\/index.php?rest_route=\/wp\/v2\/types\/post"}],"author":[{"embeddable":true,"href":"https:\/\/lamendigapolitica.com\/index.php?rest_route=\/wp\/v2\/users\/1"}],"replies":[{"embeddable":true,"href":"https:\/\/lamendigapolitica.com\/index.php?rest_route=%2Fwp%2Fv2%2Fcomments&post=41365"}],"version-history":[{"count":3,"href":"https:\/\/lamendigapolitica.com\/index.php?rest_route=\/wp\/v2\/posts\/41365\/revisions"}],"predecessor-version":[{"id":41370,"href":"https:\/\/lamendigapolitica.com\/index.php?rest_route=\/wp\/v2\/posts\/41365\/revisions\/41370"}],"wp:attachment":[{"href":"https:\/\/lamendigapolitica.com\/index.php?rest_route=%2Fwp%2Fv2%2Fmedia&parent=41365"}],"wp:term":[{"taxonomy":"category","embeddable":true,"href":"https:\/\/lamendigapolitica.com\/index.php?rest_route=%2Fwp%2Fv2%2Fcategories&post=41365"},{"taxonomy":"post_tag","embeddable":true,"href":"https:\/\/lamendigapolitica.com\/index.php?rest_route=%2Fwp%2Fv2%2Ftags&post=41365"}],"curies":[{"name":"wp","href":"https:\/\/api.w.org\/{rel}","templated":true}]}}