{"id":41359,"date":"2016-09-23T09:28:21","date_gmt":"2016-09-23T14:28:21","guid":{"rendered":"http:\/\/lamendigapolitica.com\/blog\/?p=41359"},"modified":"2016-09-23T09:28:21","modified_gmt":"2016-09-23T14:28:21","slug":"el-parlamento-de-nicaragua-es-presidido-por-un-muerto","status":"publish","type":"post","link":"https:\/\/lamendigapolitica.com\/?p=41359","title":{"rendered":"El Parlamento de Nicaragua es presidido por un muerto"},"content":{"rendered":"<p><a href=\"https:\/\/lamendigapolitica.com\/blog\/blog\/wp-content\/uploads\/2016\/09\/muerto.jpg\" rel=\"attachment wp-att-41360\"><img loading=\"lazy\" decoding=\"async\" class=\"aligncenter  wp-image-41360\" src=\"https:\/\/lamendigapolitica.com\/blog\/blog\/wp-content\/uploads\/2016\/09\/muerto.jpg\" alt=\"muerto\" width=\"361\" height=\"203\" \/><\/a><\/p>\n<p>&nbsp;<\/p>\n<p>La Asamblea Nacional de Nicaragua (Parlamento) extendi\u00f3 por cuatro meses el mandato de su Presidente, el sandinista Ren\u00e9 N\u00fa\u00f1ez T\u00e9llez, quien falleci\u00f3 el pasado 10 de septiembre. La decisi\u00f3n \u201csimb\u00f3lica\u201d la tom\u00f3 por unanimidad el pleno de la Asamblea Nacional, compuesto por diputados sandinistas y sus aliados. \u201cDicha resoluci\u00f3n fue aprobada por la capacidad de di\u00e1logo y consenso permanente que mantuvo el ingeniero N\u00fa\u00f1ez T\u00e9llez en la Asamblea Nacional, y por consider\u00e1rsele el impulsor de la modernizaci\u00f3n de este poder del Estado\u201d, dio a conocer el Legislativo en un comunicado.<\/p>\n<p>&nbsp;<\/p>\n<p>El Presidente de la Bancada del Frente Sandinista de Liberaci\u00f3n Nacional (FSLN), Edwin Castro, afirm\u00f3 que la Junta Directiva de la Asamblea Nacional trabajar\u00e1 bajo la coordinaci\u00f3n de su Vicepresidenta, Iris Montenegro, del FSLN, y que el cargo de N\u00fa\u00f1ez T\u00e9llez no ser\u00e1 ocupado hasta la nueva legislatura, que iniciar\u00e1 en enero de 2017.<\/p>\n<p>&nbsp;<\/p>\n<p>La designaci\u00f3n del presidente parlamentario fue considerada como \u201cuna decisi\u00f3n pr\u00e1ctica\u201d por el diputado aliado del FSLN Wilfredo Navarro, puesto que Montenegro realizaba funciones de presidente desde enero pasado, cuando una afecci\u00f3n pulmonar merm\u00f3 las capacidades del titular. N\u00fa\u00f1ez T\u00e9llez fue ministro de la Presidencia durante el primer Gobierno de Daniel Ortega (1985-1990) y desde enero de 2007, con el retorno de los sandinistas al poder, estaba al frente de la Junta Directiva de la Asamblea Nacional.<\/p>\n<p>&nbsp;<\/p>\n<p>Fallecido a los 69 a\u00f1os de edad, tambi\u00e9n fue titular del Congreso en 2005 durante la Administraci\u00f3n de Enrique Bola\u00f1os (2002-2007), gracias a un acuerdo entonces con los diputados del Partido Liberal Constitucionalista, que dirige el exmandatario Arnoldo Alem\u00e1n (1997-2002).<\/p>\n","protected":false},"excerpt":{"rendered":"<p>&nbsp; La Asamblea Nacional de Nicaragua (Parlamento) extendi\u00f3 por cuatro meses el mandato de su Presidente, el sandinista Ren\u00e9 N\u00fa\u00f1ez T\u00e9llez, quien falleci\u00f3 el pasado 10 de septiembre. La decisi\u00f3n \u201csimb\u00f3lica\u201d la tom\u00f3 por unanimidad el pleno de la Asamblea Nacional, compuesto por diputados sandinistas y sus aliados. \u201cDicha resoluci\u00f3n fue aprobada por la capacidad &hellip; <\/p>\n<p><a class=\"more-link btn\" href=\"https:\/\/lamendigapolitica.com\/?p=41359\">Seguir leyendo<\/a><\/p>\n","protected":false},"author":1,"featured_media":0,"comment_status":"open","ping_status":"closed","sticky":false,"template":"","format":"standard","meta":{"footnotes":""},"categories":[20,31,3,22],"tags":[],"class_list":["post-41359","post","type-post","status-publish","format-standard","hentry","category-gobierno","category-internacional","category-politica","category-sociales","item-wrap"],"_links":{"self":[{"href":"https:\/\/lamendigapolitica.com\/index.php?rest_route=\/wp\/v2\/posts\/41359","targetHints":{"allow":["GET"]}}],"collection":[{"href":"https:\/\/lamendigapolitica.com\/index.php?rest_route=\/wp\/v2\/posts"}],"about":[{"href":"https:\/\/lamendigapolitica.com\/index.php?rest_route=\/wp\/v2\/types\/post"}],"author":[{"embeddable":true,"href":"https:\/\/lamendigapolitica.com\/index.php?rest_route=\/wp\/v2\/users\/1"}],"replies":[{"embeddable":true,"href":"https:\/\/lamendigapolitica.com\/index.php?rest_route=%2Fwp%2Fv2%2Fcomments&post=41359"}],"version-history":[{"count":1,"href":"https:\/\/lamendigapolitica.com\/index.php?rest_route=\/wp\/v2\/posts\/41359\/revisions"}],"predecessor-version":[{"id":41361,"href":"https:\/\/lamendigapolitica.com\/index.php?rest_route=\/wp\/v2\/posts\/41359\/revisions\/41361"}],"wp:attachment":[{"href":"https:\/\/lamendigapolitica.com\/index.php?rest_route=%2Fwp%2Fv2%2Fmedia&parent=41359"}],"wp:term":[{"taxonomy":"category","embeddable":true,"href":"https:\/\/lamendigapolitica.com\/index.php?rest_route=%2Fwp%2Fv2%2Fcategories&post=41359"},{"taxonomy":"post_tag","embeddable":true,"href":"https:\/\/lamendigapolitica.com\/index.php?rest_route=%2Fwp%2Fv2%2Ftags&post=41359"}],"curies":[{"name":"wp","href":"https:\/\/api.w.org\/{rel}","templated":true}]}}