{"id":41350,"date":"2016-09-23T08:57:20","date_gmt":"2016-09-23T13:57:20","guid":{"rendered":"http:\/\/lamendigapolitica.com\/blog\/?p=41350"},"modified":"2016-09-23T08:57:36","modified_gmt":"2016-09-23T13:57:36","slug":"captan-en-hotel-con-un-menor-a-presunto-cura-secuestrado","status":"publish","type":"post","link":"https:\/\/lamendigapolitica.com\/?p=41350","title":{"rendered":"Captan en hotel con un menor a presunto cura secuestrado"},"content":{"rendered":"<p><a href=\"https:\/\/lamendigapolitica.com\/blog\/blog\/wp-content\/uploads\/2016\/09\/Puru\u00e1ndiro-Michoac\u00e1n.jpg\" rel=\"attachment wp-att-41351\"><img loading=\"lazy\" decoding=\"async\" class=\"aligncenter wp-image-41351\" src=\"https:\/\/lamendigapolitica.com\/blog\/blog\/wp-content\/uploads\/2016\/09\/Puru\u00e1ndiro-Michoac\u00e1n.jpg\" alt=\"puruandiro-michoacan\" width=\"380\" height=\"253\" \/><\/a><\/p>\n<p>&nbsp;<\/p>\n<p>El sacerdote de Puru\u00e1ndiro que la Iglesia cat\u00f3lica que presuntamente fue secuestrado el lunes por la noche aparece en videos entrando en compa\u00f1\u00eda de un menor de edad a un hotel de esa cabecera distrital, de acuerdo con una pesquisa de Quadrat\u00edn, publicada por 24 Horas. Seg\u00fan el registro de las im\u00e1genes, el cura y el menor de edad ingresaron solos y por su propio pie al hotel la ma\u00f1ana del martes, al otro d\u00eda del presunto plagio.<\/p>\n<p>&nbsp;<\/p>\n<p>Luego de que se informara a la autoridad de la desaparici\u00f3n del prelado, se despleg\u00f3 un operativo policial con la participaci\u00f3n de autoridades de los tres \u00f3rdenes de gobierno, as\u00ed como de agentes ministeriales de la Procuradur\u00eda General de Justicia de Michoac\u00e1n y del Ej\u00e9rcito. Quadrat\u00edn se desplaz\u00f3 al lugar de los hechos y ah\u00ed conoci\u00f3 que afuera del establecimiento donde fue visto el sacerdote, tambi\u00e9n se observ\u00f3 un autom\u00f3vil marca VW, tipo Jetta, color blanco, el mismo que se ha dicho fue robado al cura, lo que pondr\u00eda en duda que se tratara de un secuestro, registra 24 Horas.<\/p>\n<p>&nbsp;<\/p>\n<p>En la investigaci\u00f3n period\u00edstica de Quadrat\u00edn se supo que el cl\u00e9rigo desde el d\u00eda anterior al presunto secuestro, el domingo, se habr\u00eda \u00a0registrado como hu\u00e9sped del hotel, como lo demuestra uno de los videos del martes. Acto seguido, el sacerdote le pidi\u00f3 a la auxiliar dom\u00e9stica no se presentara a laborar el lunes, sin una explicaci\u00f3n aparentemente convincente, para luego desaparecer \u00e9l y su coche. La siguiente aparici\u00f3n del cura fue en el hotel el martes por la ma\u00f1ana, el cual abandon\u00f3 ese mismo d\u00eda por la tarde, sin que hasta ahora las autoridades sepan su paradero.<\/p>\n<p>&nbsp;<\/p>\n<p>Por parte de la Iglesia cat\u00f3lica, a Puru\u00e1ndiro acudi\u00f3 este jueves el cardenal y arzobispo de Morelia, Alberto Su\u00e1rez Inda, a celebrar misa y pedir en el p\u00falpito por la pronta aparici\u00f3n del p\u00e1rroco. Este mismo jueves, el purpurado declar\u00f3 que el sacerdote hab\u00eda sido v\u00edctima de la delincuencia organizada, y afirm\u00f3 que se trat\u00f3 de un secuestro, robo de veh\u00edculo y saqueo de la casa parroquial. En Puru\u00e1ndiro se mantiene presencia de personal de la Procuradur\u00eda estatal e instituciones federales, que trabaja a marchas forzadas para dar con el paradero del cura.<\/p>\n","protected":false},"excerpt":{"rendered":"<p>&nbsp; El sacerdote de Puru\u00e1ndiro que la Iglesia cat\u00f3lica que presuntamente fue secuestrado el lunes por la noche aparece en videos entrando en compa\u00f1\u00eda de un menor de edad a un hotel de esa cabecera distrital, de acuerdo con una pesquisa de Quadrat\u00edn, publicada por 24 Horas. Seg\u00fan el registro de las im\u00e1genes, el cura &hellip; <\/p>\n<p><a class=\"more-link btn\" href=\"https:\/\/lamendigapolitica.com\/?p=41350\">Seguir leyendo<\/a><\/p>\n","protected":false},"author":1,"featured_media":0,"comment_status":"open","ping_status":"closed","sticky":false,"template":"","format":"standard","meta":{"footnotes":""},"categories":[6,20,5,3,21,27],"tags":[],"class_list":["post-41350","post","type-post","status-publish","format-standard","hentry","category-congreso","category-gobierno","category-partidos","category-politica","category-religion","category-seguridad","item-wrap"],"_links":{"self":[{"href":"https:\/\/lamendigapolitica.com\/index.php?rest_route=\/wp\/v2\/posts\/41350","targetHints":{"allow":["GET"]}}],"collection":[{"href":"https:\/\/lamendigapolitica.com\/index.php?rest_route=\/wp\/v2\/posts"}],"about":[{"href":"https:\/\/lamendigapolitica.com\/index.php?rest_route=\/wp\/v2\/types\/post"}],"author":[{"embeddable":true,"href":"https:\/\/lamendigapolitica.com\/index.php?rest_route=\/wp\/v2\/users\/1"}],"replies":[{"embeddable":true,"href":"https:\/\/lamendigapolitica.com\/index.php?rest_route=%2Fwp%2Fv2%2Fcomments&post=41350"}],"version-history":[{"count":1,"href":"https:\/\/lamendigapolitica.com\/index.php?rest_route=\/wp\/v2\/posts\/41350\/revisions"}],"predecessor-version":[{"id":41352,"href":"https:\/\/lamendigapolitica.com\/index.php?rest_route=\/wp\/v2\/posts\/41350\/revisions\/41352"}],"wp:attachment":[{"href":"https:\/\/lamendigapolitica.com\/index.php?rest_route=%2Fwp%2Fv2%2Fmedia&parent=41350"}],"wp:term":[{"taxonomy":"category","embeddable":true,"href":"https:\/\/lamendigapolitica.com\/index.php?rest_route=%2Fwp%2Fv2%2Fcategories&post=41350"},{"taxonomy":"post_tag","embeddable":true,"href":"https:\/\/lamendigapolitica.com\/index.php?rest_route=%2Fwp%2Fv2%2Ftags&post=41350"}],"curies":[{"name":"wp","href":"https:\/\/api.w.org\/{rel}","templated":true}]}}