{"id":41347,"date":"2016-09-23T08:55:14","date_gmt":"2016-09-23T13:55:14","guid":{"rendered":"http:\/\/lamendigapolitica.com\/blog\/?p=41347"},"modified":"2016-09-23T08:55:14","modified_gmt":"2016-09-23T13:55:14","slug":"el-pri-decidira-postura-sobre-duarte","status":"publish","type":"post","link":"https:\/\/lamendigapolitica.com\/?p=41347","title":{"rendered":"El PRI decidir\u00e1 postura sobre Duarte"},"content":{"rendered":"<p><a href=\"https:\/\/lamendigapolitica.com\/blog\/blog\/wp-content\/uploads\/2016\/09\/duarte.jpg\" rel=\"attachment wp-att-41348\"><img loading=\"lazy\" decoding=\"async\" class=\"aligncenter  wp-image-41348\" src=\"https:\/\/lamendigapolitica.com\/blog\/blog\/wp-content\/uploads\/2016\/09\/duarte.jpg\" alt=\"duarte\" width=\"398\" height=\"265\" \/><\/a><\/p>\n<p>&nbsp;<\/p>\n<p>La Comisi\u00f3n Nacional de Justicia Partidaria del PRI, convoc\u00f3 a reuni\u00f3n el pr\u00f3ximo 26 de septiembre, a fin de revisar y discutir el caso del gobernador de Veracruz, Javier Duarte, quien enfrenta una investigaci\u00f3n de la Procuradur\u00eda General de la Rep\u00fablica (PGR), ante presuntos actos de corrupci\u00f3n y peculado.<\/p>\n<p>&nbsp;<\/p>\n<p>el presidente de dicho \u00f3rgano interno del tricolor, Fernando El\u00edas Calles \u00c1lvarez, cit\u00f3 a los integrantes de la Comisi\u00f3n de Justicia para analizar este caso que involucra a al menos otros cinco funcionarios emanados de las filas del partido, as\u00ed como para definir las acciones que emprender\u00e1 el partido una vez que la PGR aporte m\u00e1s elementos sobre esta investigaci\u00f3n, se prev\u00e9 adem\u00e1s, la discusi\u00f3n en relaci\u00f3n a las solicitudes previamente presentadas por militantes del partido para suspender los derechos partidistas de Javier Duarte, por considerar que las acusaciones en su contra atentan contra la imagen de este instituto pol\u00edtico.<\/p>\n<p>&nbsp;<\/p>\n<p>Sin embargo, las acciones en contra del gobernador veracruzano, podr\u00edan tener alcances m\u00e1s que partidarios, pues de acuerdo con el diputado federal y vocero del tricolor, Jorge Carlos Ram\u00edrez Mar\u00edn, en caso de que la PGR consigne a Duarte de Ochoa, los diputados tendr\u00edan que iniciar con rapidez un juicio pol\u00edtico en su contra. \u201cSer\u00eda responsabilidad de nosotros los diputados, en caso de que hubiera no s\u00f3lo una denuncia de juicio pol\u00edtico sino ya un expediente abierto y consignado por parte de la PGR\u201d, declar\u00f3.<\/p>\n<p>&nbsp;<\/p>\n<p>\u201cEl gobierno no puede ser de una sola persona, el investigado es \u00e9l y en ese sentido tiene que seguir cumpliendo sus responsabilidades, en tanto la autoridad judicial no le finque una responsabilidad\u201d, asever\u00f3. La v\u00edspera, la PGR atrajo las investigaciones que hace la Fiscal\u00eda General de Justicia de Veracruz, por los presuntos delitos de enriquecimiento il\u00edcito, peculado e incumplimiento del deber legal, contra el gobernador Javier Duarte de Ochoa y el ex tesorero de la entidad y actual diputado local por Nueva Alianza, Vicente Guillermo Ben\u00edtez Gonz\u00e1lez.<\/p>\n","protected":false},"excerpt":{"rendered":"<p>&nbsp; La Comisi\u00f3n Nacional de Justicia Partidaria del PRI, convoc\u00f3 a reuni\u00f3n el pr\u00f3ximo 26 de septiembre, a fin de revisar y discutir el caso del gobernador de Veracruz, Javier Duarte, quien enfrenta una investigaci\u00f3n de la Procuradur\u00eda General de la Rep\u00fablica (PGR), ante presuntos actos de corrupci\u00f3n y peculado. &nbsp; el presidente de dicho &hellip; <\/p>\n<p><a class=\"more-link btn\" href=\"https:\/\/lamendigapolitica.com\/?p=41347\">Seguir leyendo<\/a><\/p>\n","protected":false},"author":1,"featured_media":0,"comment_status":"open","ping_status":"closed","sticky":false,"template":"","format":"standard","meta":{"footnotes":""},"categories":[6,20,5,3],"tags":[],"class_list":["post-41347","post","type-post","status-publish","format-standard","hentry","category-congreso","category-gobierno","category-partidos","category-politica","item-wrap"],"_links":{"self":[{"href":"https:\/\/lamendigapolitica.com\/index.php?rest_route=\/wp\/v2\/posts\/41347","targetHints":{"allow":["GET"]}}],"collection":[{"href":"https:\/\/lamendigapolitica.com\/index.php?rest_route=\/wp\/v2\/posts"}],"about":[{"href":"https:\/\/lamendigapolitica.com\/index.php?rest_route=\/wp\/v2\/types\/post"}],"author":[{"embeddable":true,"href":"https:\/\/lamendigapolitica.com\/index.php?rest_route=\/wp\/v2\/users\/1"}],"replies":[{"embeddable":true,"href":"https:\/\/lamendigapolitica.com\/index.php?rest_route=%2Fwp%2Fv2%2Fcomments&post=41347"}],"version-history":[{"count":1,"href":"https:\/\/lamendigapolitica.com\/index.php?rest_route=\/wp\/v2\/posts\/41347\/revisions"}],"predecessor-version":[{"id":41349,"href":"https:\/\/lamendigapolitica.com\/index.php?rest_route=\/wp\/v2\/posts\/41347\/revisions\/41349"}],"wp:attachment":[{"href":"https:\/\/lamendigapolitica.com\/index.php?rest_route=%2Fwp%2Fv2%2Fmedia&parent=41347"}],"wp:term":[{"taxonomy":"category","embeddable":true,"href":"https:\/\/lamendigapolitica.com\/index.php?rest_route=%2Fwp%2Fv2%2Fcategories&post=41347"},{"taxonomy":"post_tag","embeddable":true,"href":"https:\/\/lamendigapolitica.com\/index.php?rest_route=%2Fwp%2Fv2%2Ftags&post=41347"}],"curies":[{"name":"wp","href":"https:\/\/api.w.org\/{rel}","templated":true}]}}