{"id":41342,"date":"2016-09-22T21:07:32","date_gmt":"2016-09-23T02:07:32","guid":{"rendered":"http:\/\/lamendigapolitica.com\/blog\/?p=41342"},"modified":"2016-09-22T21:07:51","modified_gmt":"2016-09-23T02:07:51","slug":"arranca-gira-en-japon-con-mil-empleos-para-jalisco","status":"publish","type":"post","link":"https:\/\/lamendigapolitica.com\/?p=41342","title":{"rendered":"Arranca gira en Jap\u00f3n con mil empleos para Jalisco"},"content":{"rendered":"<p><a href=\"https:\/\/lamendigapolitica.com\/blog\/blog\/wp-content\/uploads\/2016\/09\/29225075223_72c8a3351e_z.jpg\" rel=\"attachment wp-att-41343\"><img loading=\"lazy\" decoding=\"async\" class=\"aligncenter wp-image-41343\" src=\"https:\/\/lamendigapolitica.com\/blog\/blog\/wp-content\/uploads\/2016\/09\/29225075223_72c8a3351e_z.jpg\" alt=\"29225075223_72c8a3351e_z\" width=\"386\" height=\"257\" \/><\/a><\/p>\n<p>&nbsp;<\/p>\n<p>Con perspectiva de mil empleos directos y una inversi\u00f3n de 16.75 millones de d\u00f3lares de la empresa nipona UMC Electronics Co., Ltd., el Gobernador del Estado, Arist\u00f3teles Sandoval, comenz\u00f3 su gira de trabajo del por Jap\u00f3n. \u00a0\u201cPromovemos la generaci\u00f3n, empezando con mil nuevos empleos. Ese es nuestro compromiso, as\u00ed promovemos el estado, as\u00ed estamos generando el punto de coincidencia en el mundo donde estamos atrayendo m\u00e1s inversiones y esta es una m\u00e1s\u201d, dijo.<\/p>\n<p>&nbsp;<\/p>\n<p>Esta \u00a0es la tercera gira que emprende el gobernador de Jalisco al pa\u00eds nip\u00f3n con las que ha logrado inversiones japonesas que generan plazas laborales e inversi\u00f3n extranjera directa, mismas que mantienen a Jalisco en el liderazgo nacional en ese sector. En abril de este a\u00f1o la empresa de el\u00e9ctricos hab\u00eda anunciado su intenci\u00f3n de instalarse en M\u00e9xico. Despu\u00e9s de gestiones y tras conocer las ventajas competitivas que ofrece Jalisco, la empresa decidi\u00f3 ubicarse en el municipio de Lagos de Moreno, dentro Parque Industrial Colinas de Lagos, a la par de otros corporativos asi\u00e1ticos como Advics Manufacturing M\u00e9xico o Stanley Electric Manufacturing M\u00e9xico S.A de C.V, entre otras firmas.<\/p>\n<p>&nbsp;<\/p>\n<p>El presidente y CEO de la empresa, Uchiyama Shigeki, destac\u00f3 que la elecci\u00f3n por Jalisco obedece por contar con una ubicaci\u00f3n estrat\u00e9gica, el tema de seguridad, adem\u00e1s del gran apoyo que han recibido del Gobierno del Estado. \u00a0\u201cPrimer punto, eso es lo m\u00e1s importante y es gran apoyo del Gobierno del Estado de Jalisco, si no hay ning\u00fan apoyo del gobierno estatal este proyecto no puede avanzar nada\u201d, manifest\u00f3 el CEO.<\/p>\n<p>&nbsp;<\/p>\n<p>UMC Electronics, dedicada al sector automotriz y tecnolog\u00edas de la informaci\u00f3n, se localiza en Saitama, Jap\u00f3n, a 40 minutos de Tokio, aproximadamente. A nivel internacional genera m\u00e1s de 8 mil 800 empleos en Tailandia, Alemania, Vietnam, China y en su pa\u00eds de origen.\u00a0 Esta empresa era tambi\u00e9n buscada por otras entidades como San Luis Potos\u00ed, Aguascalientes y Guanajuato, que pugnaban por instalarla en su terreno.<\/p>\n","protected":false},"excerpt":{"rendered":"<p>&nbsp; Con perspectiva de mil empleos directos y una inversi\u00f3n de 16.75 millones de d\u00f3lares de la empresa nipona UMC Electronics Co., Ltd., el Gobernador del Estado, Arist\u00f3teles Sandoval, comenz\u00f3 su gira de trabajo del por Jap\u00f3n. \u00a0\u201cPromovemos la generaci\u00f3n, empezando con mil nuevos empleos. Ese es nuestro compromiso, as\u00ed promovemos el estado, as\u00ed estamos &hellip; <\/p>\n<p><a class=\"more-link btn\" href=\"https:\/\/lamendigapolitica.com\/?p=41342\">Seguir leyendo<\/a><\/p>\n","protected":false},"author":1,"featured_media":0,"comment_status":"open","ping_status":"closed","sticky":false,"template":"","format":"standard","meta":{"footnotes":""},"categories":[6,30,20,31,5,3,22],"tags":[],"class_list":["post-41342","post","type-post","status-publish","format-standard","hentry","category-congreso","category-economia","category-gobierno","category-internacional","category-partidos","category-politica","category-sociales","item-wrap"],"_links":{"self":[{"href":"https:\/\/lamendigapolitica.com\/index.php?rest_route=\/wp\/v2\/posts\/41342","targetHints":{"allow":["GET"]}}],"collection":[{"href":"https:\/\/lamendigapolitica.com\/index.php?rest_route=\/wp\/v2\/posts"}],"about":[{"href":"https:\/\/lamendigapolitica.com\/index.php?rest_route=\/wp\/v2\/types\/post"}],"author":[{"embeddable":true,"href":"https:\/\/lamendigapolitica.com\/index.php?rest_route=\/wp\/v2\/users\/1"}],"replies":[{"embeddable":true,"href":"https:\/\/lamendigapolitica.com\/index.php?rest_route=%2Fwp%2Fv2%2Fcomments&post=41342"}],"version-history":[{"count":1,"href":"https:\/\/lamendigapolitica.com\/index.php?rest_route=\/wp\/v2\/posts\/41342\/revisions"}],"predecessor-version":[{"id":41344,"href":"https:\/\/lamendigapolitica.com\/index.php?rest_route=\/wp\/v2\/posts\/41342\/revisions\/41344"}],"wp:attachment":[{"href":"https:\/\/lamendigapolitica.com\/index.php?rest_route=%2Fwp%2Fv2%2Fmedia&parent=41342"}],"wp:term":[{"taxonomy":"category","embeddable":true,"href":"https:\/\/lamendigapolitica.com\/index.php?rest_route=%2Fwp%2Fv2%2Fcategories&post=41342"},{"taxonomy":"post_tag","embeddable":true,"href":"https:\/\/lamendigapolitica.com\/index.php?rest_route=%2Fwp%2Fv2%2Ftags&post=41342"}],"curies":[{"name":"wp","href":"https:\/\/api.w.org\/{rel}","templated":true}]}}