{"id":41336,"date":"2016-09-22T21:01:04","date_gmt":"2016-09-23T02:01:04","guid":{"rendered":"http:\/\/lamendigapolitica.com\/blog\/?p=41336"},"modified":"2016-09-22T21:01:04","modified_gmt":"2016-09-23T02:01:04","slug":"tenemos-historia-memoria-rechazamos-oportunismos-mme","status":"publish","type":"post","link":"https:\/\/lamendigapolitica.com\/?p=41336","title":{"rendered":"Tenemos, historia, memoria, rechazamos oportunismos: MME"},"content":{"rendered":"<p><a href=\"https:\/\/lamendigapolitica.com\/blog\/blog\/wp-content\/uploads\/2016\/09\/Foto-Mar\u00eda-de-la-Luz-Olivera.-Homenajeada.jpg\" rel=\"attachment wp-att-41337\"><img loading=\"lazy\" decoding=\"async\" class=\"aligncenter  wp-image-41337\" src=\"https:\/\/lamendigapolitica.com\/blog\/blog\/wp-content\/uploads\/2016\/09\/Foto-Mar\u00eda-de-la-Luz-Olivera.-Homenajeada.jpg\" alt=\"foto-maria-de-la-luz-olivera-homenajeada\" width=\"359\" height=\"239\" \/><\/a><\/p>\n<p>&nbsp;<\/p>\n<p>El Partido Acci\u00f3n Nacional en Jalisco, conmemor\u00f3 77 a\u00f1os de su fundaci\u00f3n, con la entrega de la \u201cMedalla al M\u00e9rito Panista\u201d, con la presencia del Presidente del Comit\u00e9 Ejecutivo Nacional, Ricardo Anaya Cort\u00e9s, el Presidente del Comit\u00e9 Estatal<\/p>\n<p>&nbsp;<\/p>\n<p>A los 77 a\u00f1os de vida del PAN este tiene memoria, sabe cu\u00e1l es su origen, sabe qui\u00e9nes son esas figuras que le dieron impulso inicial a la fundaci\u00f3n del partido y saben sobre que hombros se coloc\u00f3 la continuaci\u00f3n de esta obra; \u201cy sabemos los que estamos aqu\u00ed, que somos herederos de esa lucha, y de ese esfuerzo por hacer de M\u00e9xico como lo dice bien el lema de Acci\u00f3n Nacional, una \u201cPatria, Ordenada y Generosa\u201d que haga posible una vida mejor y m\u00e1s digna para todos\u201d, se\u00f1al\u00f3 el Presidente del PAN Jalisco, Miguel \u00c1ngel Mart\u00ednez Espinosa, durante el acto de de celebraci\u00f3n del nacimiento de su partido.<\/p>\n<p>&nbsp;<\/p>\n<p>Ante m\u00e1s de 2 mil\u00a0 militantes, Miguel \u00c1ngel Mart\u00ednez Espinosa; el Secretario General, Omar Borboa Becerra; el Coordinador del Grupo Parlamentario del PAN en la C\u00e1mara de Diputados, Marko Cort\u00e9s; el Coordinador del Grupo Parlamentario del PAN en el Congreso del Estado, Miguel \u00c1ngel Monraz Ibarra, as\u00ed como los Ex Gobernadores, Alberto C\u00e1rdenas Jim\u00e9nez, Francisco Ram\u00edrez Acu\u00f1a y Gerardo Octavio Sol\u00eds, adem\u00e1s de los Legisladores Federales, Locales, Alcaldes y Regidores del Estado, recordaron la lucha de su partido.<\/p>\n<p>&nbsp;<\/p>\n<p>El l\u00edder local panista destac\u00f3 la convicci\u00f3n, lealtad y fidelidad a la historia y a la memoria de Acci\u00f3n Nacional, ante su reto presente y el futuro que tenemos por construir; \u201cque de aquellos que cuando el viento cambia, cambian de bandera, cambian de posibilidad, cuando Acci\u00f3n Nacional se debilita y lo tratan de debilitar y disminuir desde adentro\u201d. \u00a0\u00a0\u201cQue distinta es la lealtad a Acci\u00f3n Nacional, a sus principios y a sus valores, rechazamos, el \u201coportunismo y el logrerismo pol\u00edtico que muchos con cinismo y desverg\u00fcenza todav\u00eda exhiben traicionando al partido al que militaron por muchos o pocos a\u00f1os\u201d.<\/p>\n<p>&nbsp;<\/p>\n<p>\u201cTenemos memoria, historia y desterramos los caudillismos, los falsos redentorismos, los oportunismos en la pol\u00edtica y confinamos de una vez y para siempre del vocabulario de Acci\u00f3n Nacional, aquella expresi\u00f3n que dice, que todos los pol\u00edticos y los partidos acaban siendo lo mismo, porque aqu\u00ed hay ra\u00edz, hay memoria, y aqu\u00ed, hay vocaci\u00f3n de cambio y esa se refleja en cada rostro y en cada esfuerzo de los militantes del PAN\u201d, fue contundente el dirigente del blanquiazul en Jalisco, Miguel \u00c1ngel Mart\u00ednez Espinosa.<\/p>\n<p>&nbsp;<\/p>\n<p>Los dirigentes entregaron \u201cMedalla al M\u00e9rito Panista\u201d, a cuatro distinguidos militantes: Post Mortem; a los familiares de Mar\u00eda Roc\u00edo Garc\u00eda Gayt\u00e1n y de Felipe de Jes\u00fas Vicencio \u00c1lvarez, respectivamente y en vida, Mar\u00eda de la Luz Michel Olivera y Abundio Pinedo Huerta, recibieron sus respectivas preseas.<\/p>\n","protected":false},"excerpt":{"rendered":"<p>&nbsp; El Partido Acci\u00f3n Nacional en Jalisco, conmemor\u00f3 77 a\u00f1os de su fundaci\u00f3n, con la entrega de la \u201cMedalla al M\u00e9rito Panista\u201d, con la presencia del Presidente del Comit\u00e9 Ejecutivo Nacional, Ricardo Anaya Cort\u00e9s, el Presidente del Comit\u00e9 Estatal &nbsp; A los 77 a\u00f1os de vida del PAN este tiene memoria, sabe cu\u00e1l es su &hellip; <\/p>\n<p><a class=\"more-link btn\" href=\"https:\/\/lamendigapolitica.com\/?p=41336\">Seguir leyendo<\/a><\/p>\n","protected":false},"author":1,"featured_media":0,"comment_status":"open","ping_status":"closed","sticky":false,"template":"","format":"standard","meta":{"footnotes":""},"categories":[6,20,5,3],"tags":[],"class_list":["post-41336","post","type-post","status-publish","format-standard","hentry","category-congreso","category-gobierno","category-partidos","category-politica","item-wrap"],"_links":{"self":[{"href":"https:\/\/lamendigapolitica.com\/index.php?rest_route=\/wp\/v2\/posts\/41336","targetHints":{"allow":["GET"]}}],"collection":[{"href":"https:\/\/lamendigapolitica.com\/index.php?rest_route=\/wp\/v2\/posts"}],"about":[{"href":"https:\/\/lamendigapolitica.com\/index.php?rest_route=\/wp\/v2\/types\/post"}],"author":[{"embeddable":true,"href":"https:\/\/lamendigapolitica.com\/index.php?rest_route=\/wp\/v2\/users\/1"}],"replies":[{"embeddable":true,"href":"https:\/\/lamendigapolitica.com\/index.php?rest_route=%2Fwp%2Fv2%2Fcomments&post=41336"}],"version-history":[{"count":1,"href":"https:\/\/lamendigapolitica.com\/index.php?rest_route=\/wp\/v2\/posts\/41336\/revisions"}],"predecessor-version":[{"id":41338,"href":"https:\/\/lamendigapolitica.com\/index.php?rest_route=\/wp\/v2\/posts\/41336\/revisions\/41338"}],"wp:attachment":[{"href":"https:\/\/lamendigapolitica.com\/index.php?rest_route=%2Fwp%2Fv2%2Fmedia&parent=41336"}],"wp:term":[{"taxonomy":"category","embeddable":true,"href":"https:\/\/lamendigapolitica.com\/index.php?rest_route=%2Fwp%2Fv2%2Fcategories&post=41336"},{"taxonomy":"post_tag","embeddable":true,"href":"https:\/\/lamendigapolitica.com\/index.php?rest_route=%2Fwp%2Fv2%2Ftags&post=41336"}],"curies":[{"name":"wp","href":"https:\/\/api.w.org\/{rel}","templated":true}]}}