{"id":41325,"date":"2016-09-22T19:27:04","date_gmt":"2016-09-23T00:27:04","guid":{"rendered":"http:\/\/lamendigapolitica.com\/blog\/?p=41325"},"modified":"2016-09-22T19:27:04","modified_gmt":"2016-09-23T00:27:04","slug":"mi-bici-avanza-sobre-ruedas","status":"publish","type":"post","link":"https:\/\/lamendigapolitica.com\/?p=41325","title":{"rendered":"Mi Bici avanza sobre ruedas"},"content":{"rendered":"<p><a href=\"https:\/\/lamendigapolitica.com\/blog\/blog\/wp-content\/uploads\/2016\/09\/Mi-Bici.jpg\" rel=\"attachment wp-att-41326\"><img loading=\"lazy\" decoding=\"async\" class=\"aligncenter  wp-image-41326\" src=\"https:\/\/lamendigapolitica.com\/blog\/blog\/wp-content\/uploads\/2016\/09\/Mi-Bici.jpg\" alt=\"mi-bici\" width=\"375\" height=\"234\" \/><\/a><\/p>\n<p>&nbsp;<\/p>\n<p>A casi dos a\u00f1os de su lanzamiento, el sistema de bicicleta p\u00fablica MiBici avanza, alcanzando hasta el momento un mill\u00f3n 26 mil 400, Felipe Reyes, director de Movilidad no Motorizada del Instituto de Movilidad, manifest\u00f3 que a\u00fan con estos avances, se trata de un programa en consolidaci\u00f3n y que cuenta con un usuario m\u00e1s fiel en comparaci\u00f3n con otros servicios de otras ciudades.<\/p>\n<p>&nbsp;<\/p>\n<p>\u201cEl mill\u00f3n de viajes se provoca porque en la segunda etapa las estaciones generan toda una serie de or\u00edgenes y destinos nuevos, permiten que se haya acelerado, y en este momento estamos generando cerca de 4 mil 600 viajes al d\u00eda, en crecimiento constante\u201d, asegur\u00f3 que se trata de un programa seguro, ya que se han presentado 30 accidentes menores dentro del universo del mill\u00f3n de viajes que van, a un a\u00f1o y nueve meses de su lanzamiento, es decir, 2.9 incidentes por cada 100 mil traslados.<\/p>\n<p>&nbsp;<\/p>\n<p>En el marco del D\u00eda Mundial sin Auto, manifest\u00f3 que Jalisco avanza hacia una sociedad m\u00e1s consciente de la diversidad de transporte, y que el Gobierno del Estado se ha encargado de realizar talleres y entregar el Manual del Ciclista con la finalidad de incrementar la educaci\u00f3n vial entre los jaliscienses. El encargado de Movilidad no Motorizada agreg\u00f3 que existen proyectos para consolidar la cultura de la bicicleta no s\u00f3lo en el \u00c1rea Metropolitana de Guadalajara, ya que se est\u00e1 analizando un programa para Puerto Vallarta que beneficie tanto a trabajadores de la industria tur\u00edstica como a turistas.<\/p>\n","protected":false},"excerpt":{"rendered":"<p>&nbsp; A casi dos a\u00f1os de su lanzamiento, el sistema de bicicleta p\u00fablica MiBici avanza, alcanzando hasta el momento un mill\u00f3n 26 mil 400, Felipe Reyes, director de Movilidad no Motorizada del Instituto de Movilidad, manifest\u00f3 que a\u00fan con estos avances, se trata de un programa en consolidaci\u00f3n y que cuenta con un usuario m\u00e1s &hellip; <\/p>\n<p><a class=\"more-link btn\" href=\"https:\/\/lamendigapolitica.com\/?p=41325\">Seguir leyendo<\/a><\/p>\n","protected":false},"author":1,"featured_media":0,"comment_status":"open","ping_status":"closed","sticky":false,"template":"","format":"standard","meta":{"footnotes":""},"categories":[6,20,5,3,22],"tags":[],"class_list":["post-41325","post","type-post","status-publish","format-standard","hentry","category-congreso","category-gobierno","category-partidos","category-politica","category-sociales","item-wrap"],"_links":{"self":[{"href":"https:\/\/lamendigapolitica.com\/index.php?rest_route=\/wp\/v2\/posts\/41325","targetHints":{"allow":["GET"]}}],"collection":[{"href":"https:\/\/lamendigapolitica.com\/index.php?rest_route=\/wp\/v2\/posts"}],"about":[{"href":"https:\/\/lamendigapolitica.com\/index.php?rest_route=\/wp\/v2\/types\/post"}],"author":[{"embeddable":true,"href":"https:\/\/lamendigapolitica.com\/index.php?rest_route=\/wp\/v2\/users\/1"}],"replies":[{"embeddable":true,"href":"https:\/\/lamendigapolitica.com\/index.php?rest_route=%2Fwp%2Fv2%2Fcomments&post=41325"}],"version-history":[{"count":1,"href":"https:\/\/lamendigapolitica.com\/index.php?rest_route=\/wp\/v2\/posts\/41325\/revisions"}],"predecessor-version":[{"id":41327,"href":"https:\/\/lamendigapolitica.com\/index.php?rest_route=\/wp\/v2\/posts\/41325\/revisions\/41327"}],"wp:attachment":[{"href":"https:\/\/lamendigapolitica.com\/index.php?rest_route=%2Fwp%2Fv2%2Fmedia&parent=41325"}],"wp:term":[{"taxonomy":"category","embeddable":true,"href":"https:\/\/lamendigapolitica.com\/index.php?rest_route=%2Fwp%2Fv2%2Fcategories&post=41325"},{"taxonomy":"post_tag","embeddable":true,"href":"https:\/\/lamendigapolitica.com\/index.php?rest_route=%2Fwp%2Fv2%2Ftags&post=41325"}],"curies":[{"name":"wp","href":"https:\/\/api.w.org\/{rel}","templated":true}]}}