{"id":41310,"date":"2016-09-22T09:45:35","date_gmt":"2016-09-22T14:45:35","guid":{"rendered":"http:\/\/lamendigapolitica.com\/blog\/?p=41310"},"modified":"2016-09-22T09:45:35","modified_gmt":"2016-09-22T14:45:35","slug":"en-mexico-4-1-millones-de-ninos-no-asisten-a-la-escuela","status":"publish","type":"post","link":"https:\/\/lamendigapolitica.com\/?p=41310","title":{"rendered":"En M\u00e9xico. 4.1 millones de ni\u00f1os no asisten a la escuela"},"content":{"rendered":"<p><a href=\"https:\/\/lamendigapolitica.com\/blog\/blog\/wp-content\/uploads\/2016\/09\/nios-1.jpg\" rel=\"attachment wp-att-41311\"><img loading=\"lazy\" decoding=\"async\" class=\"aligncenter  wp-image-41311\" src=\"https:\/\/lamendigapolitica.com\/blog\/blog\/wp-content\/uploads\/2016\/09\/nios-1.jpg\" alt=\"nios\" width=\"377\" height=\"251\" \/><\/a><\/p>\n<p>&nbsp;<\/p>\n<p>En M\u00e9xico, 4.1 millones de ni\u00f1os, ni\u00f1as y adolescentes, entre 3 y 17 a\u00f1os, no asisten a la escuela, adem\u00e1s de que otros 600 mil est\u00e1n en riesgo de abandonarla, concluy\u00f3 el estudio Ni\u00f1as y ni\u00f1os fuera de la escuela, elaborado por el UNICEF. \u201cEl foco debe estar en los ni\u00f1os que suman poco m\u00e1s de cuatro millones que est\u00e1n fuera de la escuela, son ni\u00f1os entre 3 y 17 a\u00f1os, de todos los niveles educativos. Pero tambi\u00e9n el foco debe estar en los 600 mil ni\u00f1os y ni\u00f1as que podr\u00edan salir del sistema educativo si no hacemos nada\u201d, dijo Christian Skoog, representante del UNICEF en M\u00e9xico durante la presentaci\u00f3n del estudio, publica hoy 24 Horas.<\/p>\n<p>&nbsp;<\/p>\n<p>Skoog record\u00f3 que el derecho a la educaci\u00f3n va m\u00e1s all\u00e1 de la simple asistencia a la escuela, debe garantizarse que los ni\u00f1os, ni\u00f1as y adolescentes adquieran los conocimientos de acuerdo a su edad. \u201cCuando hablo del derecho a la educaci\u00f3n no s\u00f3lo hablo de la asistencia, de estar en la escuela, sino del derecho a aprender. No basta con ir a la escuela, los ni\u00f1os, las ni\u00f1as deben aprender\u201d.<\/p>\n<p>&nbsp;<\/p>\n<p>En tanto, Carmen L\u00f3pez, Jefa de Educaci\u00f3n de UNICEF M\u00e9xico, dijo que de acuerdo al informe los sectores de ni\u00f1os m\u00e1s vulnerables a la exclusi\u00f3n escolar son: el quintil (quinta parte) m\u00e1s pobre, los de origen ind\u00edgena, quienes tienen alguna discapacidad, los que habitan en zonas rurales y en el caso de la educaci\u00f3n media superior, los que habitan zonas urbanas. Por ejemplo, de los ni\u00f1os que no asisten a preescolar 33.6% son del quintil m\u00e1s pobre, mientras que 28.05% es ind\u00edgena; en primaria 24.84% de los menores de edad no matriculados tienen alguna discapacidad.<\/p>\n<p>&nbsp;<\/p>\n<p>El 13.6% de quienes no asisten son del quintil m\u00e1s pobre y en media superior, 44.62% de los no matriculados viven en zonas urbanas. Las causas principales de abandono escolar son la extra edad (cursar un nivel acad\u00e9mico con mayor edad), bajos logros acad\u00e9micos, repetici\u00f3n, ausentismo, trabajo infantil, migraci\u00f3n y hasta factores culturales.<\/p>\n","protected":false},"excerpt":{"rendered":"<p>&nbsp; En M\u00e9xico, 4.1 millones de ni\u00f1os, ni\u00f1as y adolescentes, entre 3 y 17 a\u00f1os, no asisten a la escuela, adem\u00e1s de que otros 600 mil est\u00e1n en riesgo de abandonarla, concluy\u00f3 el estudio Ni\u00f1as y ni\u00f1os fuera de la escuela, elaborado por el UNICEF. \u201cEl foco debe estar en los ni\u00f1os que suman poco &hellip; <\/p>\n<p><a class=\"more-link btn\" href=\"https:\/\/lamendigapolitica.com\/?p=41310\">Seguir leyendo<\/a><\/p>\n","protected":false},"author":1,"featured_media":0,"comment_status":"open","ping_status":"closed","sticky":false,"template":"","format":"standard","meta":{"footnotes":""},"categories":[30,28,20,5,3],"tags":[],"class_list":["post-41310","post","type-post","status-publish","format-standard","hentry","category-economia","category-educacion","category-gobierno","category-partidos","category-politica","item-wrap"],"_links":{"self":[{"href":"https:\/\/lamendigapolitica.com\/index.php?rest_route=\/wp\/v2\/posts\/41310","targetHints":{"allow":["GET"]}}],"collection":[{"href":"https:\/\/lamendigapolitica.com\/index.php?rest_route=\/wp\/v2\/posts"}],"about":[{"href":"https:\/\/lamendigapolitica.com\/index.php?rest_route=\/wp\/v2\/types\/post"}],"author":[{"embeddable":true,"href":"https:\/\/lamendigapolitica.com\/index.php?rest_route=\/wp\/v2\/users\/1"}],"replies":[{"embeddable":true,"href":"https:\/\/lamendigapolitica.com\/index.php?rest_route=%2Fwp%2Fv2%2Fcomments&post=41310"}],"version-history":[{"count":1,"href":"https:\/\/lamendigapolitica.com\/index.php?rest_route=\/wp\/v2\/posts\/41310\/revisions"}],"predecessor-version":[{"id":41312,"href":"https:\/\/lamendigapolitica.com\/index.php?rest_route=\/wp\/v2\/posts\/41310\/revisions\/41312"}],"wp:attachment":[{"href":"https:\/\/lamendigapolitica.com\/index.php?rest_route=%2Fwp%2Fv2%2Fmedia&parent=41310"}],"wp:term":[{"taxonomy":"category","embeddable":true,"href":"https:\/\/lamendigapolitica.com\/index.php?rest_route=%2Fwp%2Fv2%2Fcategories&post=41310"},{"taxonomy":"post_tag","embeddable":true,"href":"https:\/\/lamendigapolitica.com\/index.php?rest_route=%2Fwp%2Fv2%2Ftags&post=41310"}],"curies":[{"name":"wp","href":"https:\/\/api.w.org\/{rel}","templated":true}]}}