{"id":41307,"date":"2016-09-22T09:43:50","date_gmt":"2016-09-22T14:43:50","guid":{"rendered":"http:\/\/lamendigapolitica.com\/blog\/?p=41307"},"modified":"2016-09-22T09:43:50","modified_gmt":"2016-09-22T14:43:50","slug":"moreno-valle-quiere-ser-candidato-del-pan-para-el-2018","status":"publish","type":"post","link":"https:\/\/lamendigapolitica.com\/?p=41307","title":{"rendered":"Moreno Valle quiere ser candidato del PAN para el 2018"},"content":{"rendered":"<p><a href=\"https:\/\/lamendigapolitica.com\/blog\/blog\/wp-content\/uploads\/2016\/09\/Moreno-Valle.jpg\" rel=\"attachment wp-att-41308\"><img loading=\"lazy\" decoding=\"async\" class=\"aligncenter  wp-image-41308\" src=\"https:\/\/lamendigapolitica.com\/blog\/blog\/wp-content\/uploads\/2016\/09\/Moreno-Valle.jpg\" alt=\"moreno-valle\" width=\"380\" height=\"213\" \/><\/a><\/p>\n<p>&nbsp;<\/p>\n<p>El gobernador de Puebla, Rafael Moreno Valle, confirm\u00f3 que buscar\u00e1 ser el candidato del Partido Acci\u00f3n Nacional (PAN) a la Presidencia en 2018. \u201cLuego de que le cumpla a los poblanos, buscar\u00e9 servirle a M\u00e9xico\u201d, afirm\u00f3 el mandatario estatal en una mesa de di\u00e1logo con Margarita Zavala y Gustavo Madero, ex l\u00edder nacional del PAN, en el programa Despierta conducido por Carlos Loret de Mola, publica hoy 34 Horas.<\/p>\n<p>&nbsp;<\/p>\n<p>Ser\u00e1 a partir del 1 de febrero de 2017, cuando Moreno Valle deje la gubernatura poblana, que se dedicar\u00e1 de tiempo completo a la carrera presidencial por el blanquiazul.<\/p>\n<p>&nbsp;<\/p>\n<p>Por su parte, en el mismo encuentro, Madero se\u00f1al\u00f3 que est\u00e1 pensando pensando a qui\u00e9n apoyar para ser candidato.<\/p>\n","protected":false},"excerpt":{"rendered":"<p>&nbsp; El gobernador de Puebla, Rafael Moreno Valle, confirm\u00f3 que buscar\u00e1 ser el candidato del Partido Acci\u00f3n Nacional (PAN) a la Presidencia en 2018. \u201cLuego de que le cumpla a los poblanos, buscar\u00e9 servirle a M\u00e9xico\u201d, afirm\u00f3 el mandatario estatal en una mesa de di\u00e1logo con Margarita Zavala y Gustavo Madero, ex l\u00edder nacional del &hellip; <\/p>\n<p><a class=\"more-link btn\" href=\"https:\/\/lamendigapolitica.com\/?p=41307\">Seguir leyendo<\/a><\/p>\n","protected":false},"author":1,"featured_media":0,"comment_status":"open","ping_status":"closed","sticky":false,"template":"","format":"standard","meta":{"footnotes":""},"categories":[6,20,5,3],"tags":[],"class_list":["post-41307","post","type-post","status-publish","format-standard","hentry","category-congreso","category-gobierno","category-partidos","category-politica","item-wrap"],"_links":{"self":[{"href":"https:\/\/lamendigapolitica.com\/index.php?rest_route=\/wp\/v2\/posts\/41307","targetHints":{"allow":["GET"]}}],"collection":[{"href":"https:\/\/lamendigapolitica.com\/index.php?rest_route=\/wp\/v2\/posts"}],"about":[{"href":"https:\/\/lamendigapolitica.com\/index.php?rest_route=\/wp\/v2\/types\/post"}],"author":[{"embeddable":true,"href":"https:\/\/lamendigapolitica.com\/index.php?rest_route=\/wp\/v2\/users\/1"}],"replies":[{"embeddable":true,"href":"https:\/\/lamendigapolitica.com\/index.php?rest_route=%2Fwp%2Fv2%2Fcomments&post=41307"}],"version-history":[{"count":1,"href":"https:\/\/lamendigapolitica.com\/index.php?rest_route=\/wp\/v2\/posts\/41307\/revisions"}],"predecessor-version":[{"id":41309,"href":"https:\/\/lamendigapolitica.com\/index.php?rest_route=\/wp\/v2\/posts\/41307\/revisions\/41309"}],"wp:attachment":[{"href":"https:\/\/lamendigapolitica.com\/index.php?rest_route=%2Fwp%2Fv2%2Fmedia&parent=41307"}],"wp:term":[{"taxonomy":"category","embeddable":true,"href":"https:\/\/lamendigapolitica.com\/index.php?rest_route=%2Fwp%2Fv2%2Fcategories&post=41307"},{"taxonomy":"post_tag","embeddable":true,"href":"https:\/\/lamendigapolitica.com\/index.php?rest_route=%2Fwp%2Fv2%2Ftags&post=41307"}],"curies":[{"name":"wp","href":"https:\/\/api.w.org\/{rel}","templated":true}]}}