{"id":41297,"date":"2016-09-21T17:59:42","date_gmt":"2016-09-21T22:59:42","guid":{"rendered":"http:\/\/lamendigapolitica.com\/blog\/?p=41297"},"modified":"2016-09-21T17:59:42","modified_gmt":"2016-09-21T22:59:42","slug":"conmemoran-el-98-aniversario-del-natalicio-de-juan-jose-arreola","status":"publish","type":"post","link":"https:\/\/lamendigapolitica.com\/?p=41297","title":{"rendered":"Conmemoran el 98 aniversario del natalicio de Juan Jos\u00e9 Arreola"},"content":{"rendered":"<p><a href=\"https:\/\/lamendigapolitica.com\/blog\/blog\/wp-content\/uploads\/2016\/09\/arreola.jpg\" rel=\"attachment wp-att-41298\"><img loading=\"lazy\" decoding=\"async\" class=\"aligncenter  wp-image-41298\" src=\"https:\/\/lamendigapolitica.com\/blog\/blog\/wp-content\/uploads\/2016\/09\/arreola.jpg\" alt=\"arreola\" width=\"382\" height=\"260\" \/><\/a><\/p>\n<p>&nbsp;<\/p>\n<p>Su gran aportaci\u00f3n literaria, su alegr\u00eda de vivir, as\u00ed como su afici\u00f3n por el ajedrez, fueron algunos aspectos que se destacaron durante la conmemoraci\u00f3n del el 98 aniversario del natalicio del escritor y poeta jalisciense, Juan Jos\u00e9 Arreola Z\u00fa\u00f1iga, por parte del ayuntamiento de Guadalajara en una ceremonia encabezada por el regidor, Israel Medina Torres, quien , mencion\u00f3 que el autor de obras como \u00abLa Feria\u00bb, \u00abConfabulario\u201d, entre otros, ha enaltecido y plasmado sus ideas a trav\u00e9s de las letras y es referente para nuevas generaciones, no s\u00f3lo en M\u00e9xico, sino para el mundo.<\/p>\n<p>&nbsp;<\/p>\n<p>En su intervenci\u00f3n, la nieta del poeta, Mar\u00eda Fernanda Arreola Cuenca, resalt\u00f3 las virtudes del zapotlense, al cual calific\u00f3 de elocuente y actor, due\u00f1o de una prodigiosa memoria y orgulloso de su tierra, Zapotl\u00e1n el Grande. \u00abArreola una vez dijo: el hombre tiene una nostalgia de la creaci\u00f3n, no se conforma con vivir, sino tambi\u00e9n necesita crear, es por eso que este ser tan inquieto de mente y de alma, nos dio la mejor manera de seguir recre\u00e1ndolo\u00bb, asever\u00f3.<\/p>\n<p>&nbsp;<\/p>\n<p>Por su parte, Francisco Morales Aceves, Oficial Mayor del Gobierno del Estado, precis\u00f3 que Arreola fue un poeta inteligente y genial, de memoria envidiable, \u00abporque dec\u00eda uno, caray, c\u00f3mo puede acumular tanta informaci\u00f3n. Arreola fue un escritor \u00fanico\u00bb. Tambi\u00e9n la doctora Patricia C\u00f3rdova Abundis, jefa del Departamento de Letras del Centro Universitario de Ciencias Sociales y Humanidades de la UdeG, mencion\u00f3 que el destacado escritor fue creador de un estilo literario \u00fanico, \u00abque como los cl\u00e1sicos, contin\u00faa y continuar\u00e1 provocando una resonancia en el mundo de las letras universales y en la compresi\u00f3n del pensamiento cr\u00edtico del siglo XX\u00bb.<\/p>\n","protected":false},"excerpt":{"rendered":"<p>&nbsp; Su gran aportaci\u00f3n literaria, su alegr\u00eda de vivir, as\u00ed como su afici\u00f3n por el ajedrez, fueron algunos aspectos que se destacaron durante la conmemoraci\u00f3n del el 98 aniversario del natalicio del escritor y poeta jalisciense, Juan Jos\u00e9 Arreola Z\u00fa\u00f1iga, por parte del ayuntamiento de Guadalajara en una ceremonia encabezada por el regidor, Israel Medina &hellip; <\/p>\n<p><a class=\"more-link btn\" href=\"https:\/\/lamendigapolitica.com\/?p=41297\">Seguir leyendo<\/a><\/p>\n","protected":false},"author":1,"featured_media":0,"comment_status":"open","ping_status":"closed","sticky":false,"template":"","format":"standard","meta":{"footnotes":""},"categories":[26,20,5,3],"tags":[],"class_list":["post-41297","post","type-post","status-publish","format-standard","hentry","category-cultura","category-gobierno","category-partidos","category-politica","item-wrap"],"_links":{"self":[{"href":"https:\/\/lamendigapolitica.com\/index.php?rest_route=\/wp\/v2\/posts\/41297","targetHints":{"allow":["GET"]}}],"collection":[{"href":"https:\/\/lamendigapolitica.com\/index.php?rest_route=\/wp\/v2\/posts"}],"about":[{"href":"https:\/\/lamendigapolitica.com\/index.php?rest_route=\/wp\/v2\/types\/post"}],"author":[{"embeddable":true,"href":"https:\/\/lamendigapolitica.com\/index.php?rest_route=\/wp\/v2\/users\/1"}],"replies":[{"embeddable":true,"href":"https:\/\/lamendigapolitica.com\/index.php?rest_route=%2Fwp%2Fv2%2Fcomments&post=41297"}],"version-history":[{"count":1,"href":"https:\/\/lamendigapolitica.com\/index.php?rest_route=\/wp\/v2\/posts\/41297\/revisions"}],"predecessor-version":[{"id":41299,"href":"https:\/\/lamendigapolitica.com\/index.php?rest_route=\/wp\/v2\/posts\/41297\/revisions\/41299"}],"wp:attachment":[{"href":"https:\/\/lamendigapolitica.com\/index.php?rest_route=%2Fwp%2Fv2%2Fmedia&parent=41297"}],"wp:term":[{"taxonomy":"category","embeddable":true,"href":"https:\/\/lamendigapolitica.com\/index.php?rest_route=%2Fwp%2Fv2%2Fcategories&post=41297"},{"taxonomy":"post_tag","embeddable":true,"href":"https:\/\/lamendigapolitica.com\/index.php?rest_route=%2Fwp%2Fv2%2Ftags&post=41297"}],"curies":[{"name":"wp","href":"https:\/\/api.w.org\/{rel}","templated":true}]}}