{"id":41294,"date":"2016-09-21T17:58:00","date_gmt":"2016-09-21T22:58:00","guid":{"rendered":"http:\/\/lamendigapolitica.com\/blog\/?p=41294"},"modified":"2016-09-21T17:58:00","modified_gmt":"2016-09-21T22:58:00","slug":"guadalajara-y-zapopan-anuncian-acciones-para-el-dia-mundial-sin-auto","status":"publish","type":"post","link":"https:\/\/lamendigapolitica.com\/?p=41294","title":{"rendered":"Guadalajara y Zapopan anuncian acciones para el D\u00eda Mundial sin Auto"},"content":{"rendered":"<p><a href=\"https:\/\/lamendigapolitica.com\/blog\/blog\/wp-content\/uploads\/2016\/09\/29802873026_2c5c0b35f3_z-1.jpg\" rel=\"attachment wp-att-41295\"><img loading=\"lazy\" decoding=\"async\" class=\"aligncenter  wp-image-41295\" src=\"https:\/\/lamendigapolitica.com\/blog\/blog\/wp-content\/uploads\/2016\/09\/29802873026_2c5c0b35f3_z-1.jpg\" alt=\"29802873026_2c5c0b35f3_z-1\" width=\"381\" height=\"254\" srcset=\"https:\/\/lamendigapolitica.com\/wp-content\/uploads\/2016\/09\/29802873026_2c5c0b35f3_z-1.jpg 640w, https:\/\/lamendigapolitica.com\/wp-content\/uploads\/2016\/09\/29802873026_2c5c0b35f3_z-1-300x200.jpg 300w\" sizes=\"auto, (max-width: 381px) 100vw, 381px\" \/><\/a><\/p>\n<p>&nbsp;<\/p>\n<p>Para conmemorar el D\u00eda Mundial sin Auto y D\u00eda Estatal sin Auto (que se celebra ma\u00f1ana 22 de septiembre), los gobiernos de Guadalajara y de Zapopan implementar\u00e1n varias acciones encaminadas a sensibilizar a los funcionarios p\u00fablicos sobre la importancia de utilizar medios alternativos de transporte, entre ellos la bicicleta, as\u00ed como el transporte p\u00fablico o en su caso, compartir con varios compa\u00f1eros el veh\u00edculo para reducir el n\u00famero de unidades en la v\u00eda p\u00fablica.<\/p>\n<p>&nbsp;<\/p>\n<p>Dieron a conocer el programa Bicifuncionarios, que es una ampliaci\u00f3n del proyecto EDUCAVIAL.\u00a0 Este consistir\u00e1 en un taller te\u00f3rico-pr\u00e1ctico en el cual los funcionarios del Gobierno de Guadalajara y Zapopan que lo deseen, ser\u00e1n instruidos en temas de respeto, seguridad vial y conductas adecuadas al momento de desplazarse en bicicleta. Adem\u00e1s, se reforzar\u00e1 la capacitaci\u00f3n de los ciclopolic\u00edas de los Cuerpos de Polic\u00eda Municipales.<\/p>\n<p>&nbsp;<\/p>\n<p>Patricia Mart\u00ednez, coordinadora de Gesti\u00f3n Integral de la Ciudad del Gobierno de Guadalajara, inform\u00f3 que en la actualidad, 61 trabajadores de su coordinaci\u00f3n se trasladan o realizan funciones cotidianas en bicicleta. Estas personas representan una disminuci\u00f3n de 305 toneladas de Co2 al a\u00f1o. Adem\u00e1s de las que se sumen a Bicifuncionarios. En el caso de Zapopan, 272 empleados se trasladan en bicicleta diariamente a su centro de trabajo: 3.5% del total, dijo Jes\u00fas Soto Morf\u00edn, director de Movilidad y Transporte de Zapopan.<\/p>\n<p>&nbsp;<\/p>\n<p>Mart\u00ednez Barba agreg\u00f3 que, con el objetivo de impulsar medidas educativas y de reflexi\u00f3n en el D\u00eda Estatal sin Auto, ma\u00f1ana se cerrar\u00e1 el estacionamiento de Palacio Municipal para que los funcionarios que tienen acceso a este, busquen otra alternativa de transporte. En Zapopan, agreg\u00f3 Jes\u00fas Soto Morf\u00edn, director de Movilidad y Transporte de ese municipio, se est\u00e1 recomendando a los funcionarios que no usen el auto particular para ir a trabajar.<\/p>\n","protected":false},"excerpt":{"rendered":"<p>&nbsp; Para conmemorar el D\u00eda Mundial sin Auto y D\u00eda Estatal sin Auto (que se celebra ma\u00f1ana 22 de septiembre), los gobiernos de Guadalajara y de Zapopan implementar\u00e1n varias acciones encaminadas a sensibilizar a los funcionarios p\u00fablicos sobre la importancia de utilizar medios alternativos de transporte, entre ellos la bicicleta, as\u00ed como el transporte p\u00fablico &hellip; <\/p>\n<p><a class=\"more-link btn\" href=\"https:\/\/lamendigapolitica.com\/?p=41294\">Seguir leyendo<\/a><\/p>\n","protected":false},"author":1,"featured_media":0,"comment_status":"open","ping_status":"closed","sticky":false,"template":"","format":"standard","meta":{"footnotes":""},"categories":[6,30,28,20,5,3],"tags":[],"class_list":["post-41294","post","type-post","status-publish","format-standard","hentry","category-congreso","category-economia","category-educacion","category-gobierno","category-partidos","category-politica","item-wrap"],"_links":{"self":[{"href":"https:\/\/lamendigapolitica.com\/index.php?rest_route=\/wp\/v2\/posts\/41294","targetHints":{"allow":["GET"]}}],"collection":[{"href":"https:\/\/lamendigapolitica.com\/index.php?rest_route=\/wp\/v2\/posts"}],"about":[{"href":"https:\/\/lamendigapolitica.com\/index.php?rest_route=\/wp\/v2\/types\/post"}],"author":[{"embeddable":true,"href":"https:\/\/lamendigapolitica.com\/index.php?rest_route=\/wp\/v2\/users\/1"}],"replies":[{"embeddable":true,"href":"https:\/\/lamendigapolitica.com\/index.php?rest_route=%2Fwp%2Fv2%2Fcomments&post=41294"}],"version-history":[{"count":1,"href":"https:\/\/lamendigapolitica.com\/index.php?rest_route=\/wp\/v2\/posts\/41294\/revisions"}],"predecessor-version":[{"id":41296,"href":"https:\/\/lamendigapolitica.com\/index.php?rest_route=\/wp\/v2\/posts\/41294\/revisions\/41296"}],"wp:attachment":[{"href":"https:\/\/lamendigapolitica.com\/index.php?rest_route=%2Fwp%2Fv2%2Fmedia&parent=41294"}],"wp:term":[{"taxonomy":"category","embeddable":true,"href":"https:\/\/lamendigapolitica.com\/index.php?rest_route=%2Fwp%2Fv2%2Fcategories&post=41294"},{"taxonomy":"post_tag","embeddable":true,"href":"https:\/\/lamendigapolitica.com\/index.php?rest_route=%2Fwp%2Fv2%2Ftags&post=41294"}],"curies":[{"name":"wp","href":"https:\/\/api.w.org\/{rel}","templated":true}]}}