{"id":41288,"date":"2016-09-21T16:45:36","date_gmt":"2016-09-21T21:45:36","guid":{"rendered":"http:\/\/lamendigapolitica.com\/blog\/?p=41288"},"modified":"2016-09-21T16:45:36","modified_gmt":"2016-09-21T21:45:36","slug":"dia-mundial-sin-auto-un-dia-de-ciudad-mas-amable","status":"publish","type":"post","link":"https:\/\/lamendigapolitica.com\/?p=41288","title":{"rendered":"\u00abD\u00eda Mundial sin Auto\u00bb, un d\u00eda de ciudad m\u00e1s amable"},"content":{"rendered":"<p><a href=\"https:\/\/lamendigapolitica.com\/blog\/blog\/wp-content\/uploads\/2016\/09\/IMG-20160523-WA0009-2.jpg\" rel=\"attachment wp-att-41289\"><img loading=\"lazy\" decoding=\"async\" class=\"alignleft size-thumbnail wp-image-41289\" src=\"https:\/\/lamendigapolitica.com\/blog\/blog\/wp-content\/uploads\/2016\/09\/IMG-20160523-WA0009-2-150x150.jpg\" alt=\"img-20160523-wa0009\" width=\"150\" height=\"150\" srcset=\"https:\/\/lamendigapolitica.com\/wp-content\/uploads\/2016\/09\/IMG-20160523-WA0009-2-150x150.jpg 150w, https:\/\/lamendigapolitica.com\/wp-content\/uploads\/2016\/09\/IMG-20160523-WA0009-2-300x300.jpg 300w, https:\/\/lamendigapolitica.com\/wp-content\/uploads\/2016\/09\/IMG-20160523-WA0009-2.jpg 512w\" sizes=\"auto, (max-width: 150px) 100vw, 150px\" \/><\/a><\/p>\n<h3><span style=\"color: #008000;\">EN2RUEDAS\/Jes\u00fas Casillas<\/span><\/h3>\n<p>As\u00ed como la mayor\u00eda de las ciudades del mundo, los centros urbanos mexicanos originalmente eran comunidades compactas donde caminar y andar en bicicleta eran los modos de transporte m\u00e1s comunes.<\/p>\n<p>Sin embargo, desde la segunda mitad del siglo pasado, las ciudades se dispersaron y se volvieron dependientes del autom\u00f3vil.<\/p>\n<p>En esta era de \u201csu majestad el auto\u201d, utilizar la bicicleta como medio de transporte era visto una marca de inferioridad, m\u00e1s ahora las cosas comienzan a cambiar, pues las utilizan los diferentes estratos sociales y es su versatilidad lo que la posiciona como opci\u00f3n ventajosa a la hora de servir como medio de transporte.<\/p>\n<p>Esto obedece en gran medida a que las prioridades de los ciudadanos han cambiado. La tendencia se hace necesaria a la inversa:<\/p>\n<p>Disminuir la intensidad del uso del veh\u00edculo particular, crear alternativas m\u00e1s eficientes y sustentables como un transporte p\u00fablico de calidad y facilitar la movilidad no motorizada, como el caminar y usar la bicicleta.<\/p>\n<p>Pese a este cambio de inercias, la motorizaci\u00f3n en el transporte se mantiene, por lo que pensar en ciudades sin autos es m\u00e1s que una utop\u00eda; no para alcanzarlo de manera literal, sino como una manera simb\u00f3lica de llevar el mensaje de la preocupaci\u00f3n por el grave problema de la contaminaci\u00f3n ambiental.<\/p>\n<p>Estas voces han dado lugar a la celebraci\u00f3n en un n\u00famero importante de pa\u00edses, de la promoci\u00f3n de los \u201cd\u00edas sin auto\u201d.<\/p>\n<p>Una celebraci\u00f3n que se inici\u00f3 por grupos ecologistas y que en los \u00faltimos a\u00f1os se ha extendido en importancia gubernamental y ciudadana, en cuya jornada se hace un llamado a la sociedad en general a dejar este medio de transporte por un d\u00eda, probar nuevos medios de desplazamiento y percibir por un d\u00eda, una ciudad m\u00e1s amable, con menos contaminaci\u00f3n y ruido.<\/p>\n<p>En la mayor\u00eda de los pa\u00edses participantes lo celebran hoy, d\u00eda 22 de septiembre de cada a\u00f1o, aunque en algunos pa\u00edses var\u00edan dicha fecha para crear incluso, semanas dedicadas al tema, como es el caso de la Comunidad Europea.<\/p>\n<p>El a\u00f1o pasado fueron varias las ciudades que se incorporaron a la celebraci\u00f3n en todo el mundo. De acuerdo a la cadena de noticias CNN, m\u00e1s de 1,700 ciudades participaron, destacando en Am\u00e9rica Latina a ciudades como Ciudad de M\u00e9xico, Bogot\u00e1, Quito y Buenos Aires.<\/p>\n<p>Otros pa\u00edses con mayor participaci\u00f3n en lo que llamaron la \u201cSemana de la Movilidad\u201d, fueron Reino Unido, Espa\u00f1a, Holanda, Francia, Italia, Grecia, Alemania, Jap\u00f3n, B\u00e9lgica, Andorra, Lituania, Corea del Sur, Rusia y Finlandia.<\/p>\n<p>Sin duda, una fecha propicia para reflexionar, no en desaparecer el auto de las calles, eso ser\u00eda una utop\u00eda mayor, pero s\u00ed en la necesidad de evitar su uso indiscriminado o excesivo, contemplar medios alternos y recordar que este es el \u00fanico planeta con el que contamos y al cual debemos cuidar, por el bien propio y el de nuestros hijos, como integrantes de futuras generaciones que habr\u00e1n de aprobar o reprochar lo que ahora hagamos por ellos y la calidad de vida que les heredemos.<\/p>\n<p>Por eso, en el marco de la conmemoraci\u00f3n del \u201cD\u00eda Mundial sin Auto\u201d, celebrado precisamente el d\u00eda de hoy, una oportunidad para reconocer a todas aquellas personas preocupadas y ocupadas por el medio ambiente, como tambi\u00e9n, a todos aquellos que en este d\u00eda se atrever\u00e1n a prescindir del automotor privado y en su lugar, optar\u00e1n por el transporte p\u00fablico, la bicicleta y caminar.<\/p>\n<h3>Senador por Jalisco<\/h3>\n<h3>@jesuscasillas06<\/h3>\n","protected":false},"excerpt":{"rendered":"<p>EN2RUEDAS\/Jes\u00fas Casillas As\u00ed como la mayor\u00eda de las ciudades del mundo, los centros urbanos mexicanos originalmente eran comunidades compactas donde caminar y andar en bicicleta eran los modos de transporte m\u00e1s comunes. Sin embargo, desde la segunda mitad del siglo pasado, las ciudades se dispersaron y se volvieron dependientes del autom\u00f3vil. En esta era de &hellip; <\/p>\n<p><a class=\"more-link btn\" href=\"https:\/\/lamendigapolitica.com\/?p=41288\">Seguir leyendo<\/a><\/p>\n","protected":false},"author":1,"featured_media":0,"comment_status":"open","ping_status":"closed","sticky":false,"template":"","format":"standard","meta":{"footnotes":""},"categories":[1,6,26,23,30,28,20,31,5,3],"tags":[],"class_list":["post-41288","post","type-post","status-publish","format-standard","hentry","category-columnista","category-congreso","category-cultura","category-deportes","category-economia","category-educacion","category-gobierno","category-internacional","category-partidos","category-politica","item-wrap"],"_links":{"self":[{"href":"https:\/\/lamendigapolitica.com\/index.php?rest_route=\/wp\/v2\/posts\/41288","targetHints":{"allow":["GET"]}}],"collection":[{"href":"https:\/\/lamendigapolitica.com\/index.php?rest_route=\/wp\/v2\/posts"}],"about":[{"href":"https:\/\/lamendigapolitica.com\/index.php?rest_route=\/wp\/v2\/types\/post"}],"author":[{"embeddable":true,"href":"https:\/\/lamendigapolitica.com\/index.php?rest_route=\/wp\/v2\/users\/1"}],"replies":[{"embeddable":true,"href":"https:\/\/lamendigapolitica.com\/index.php?rest_route=%2Fwp%2Fv2%2Fcomments&post=41288"}],"version-history":[{"count":1,"href":"https:\/\/lamendigapolitica.com\/index.php?rest_route=\/wp\/v2\/posts\/41288\/revisions"}],"predecessor-version":[{"id":41290,"href":"https:\/\/lamendigapolitica.com\/index.php?rest_route=\/wp\/v2\/posts\/41288\/revisions\/41290"}],"wp:attachment":[{"href":"https:\/\/lamendigapolitica.com\/index.php?rest_route=%2Fwp%2Fv2%2Fmedia&parent=41288"}],"wp:term":[{"taxonomy":"category","embeddable":true,"href":"https:\/\/lamendigapolitica.com\/index.php?rest_route=%2Fwp%2Fv2%2Fcategories&post=41288"},{"taxonomy":"post_tag","embeddable":true,"href":"https:\/\/lamendigapolitica.com\/index.php?rest_route=%2Fwp%2Fv2%2Ftags&post=41288"}],"curies":[{"name":"wp","href":"https:\/\/api.w.org\/{rel}","templated":true}]}}