{"id":41283,"date":"2016-09-21T09:52:10","date_gmt":"2016-09-21T14:52:10","guid":{"rendered":"http:\/\/lamendigapolitica.com\/blog\/?p=41283"},"modified":"2016-09-21T09:53:50","modified_gmt":"2016-09-21T14:53:50","slug":"efemerides-del-21-de-septiembre","status":"publish","type":"post","link":"https:\/\/lamendigapolitica.com\/?p=41283","title":{"rendered":"Efem\u00e9rides del 21 de septiembre"},"content":{"rendered":"<p><a href=\"https:\/\/lamendigapolitica.com\/blog\/blog\/wp-content\/uploads\/2016\/09\/Juan-Jose-Arreola.jpg\" rel=\"attachment wp-att-41284\"><img loading=\"lazy\" decoding=\"async\" class=\"aligncenter wp-image-41284\" src=\"https:\/\/lamendigapolitica.com\/blog\/blog\/wp-content\/uploads\/2016\/09\/Juan-Jose-Arreola.jpg\" alt=\"juan-jose-arreola\" width=\"450\" height=\"235\" srcset=\"https:\/\/lamendigapolitica.com\/wp-content\/uploads\/2016\/09\/Juan-Jose-Arreola.jpg 310w, https:\/\/lamendigapolitica.com\/wp-content\/uploads\/2016\/09\/Juan-Jose-Arreola-300x157.jpg 300w\" sizes=\"auto, (max-width: 450px) 100vw, 450px\" \/><\/a><\/p>\n<p>&nbsp;<\/p>\n<p><strong>1551<\/strong> Por C\u00e9dula Real, Felipe II, regente del reino en ausencia temporal de su padre, el rey Carlos V, ordena la creaci\u00f3n de la Real Universidad de M\u00e9xico, la cual se inaugura en enero de 1553.<\/p>\n<p>&nbsp;<\/p>\n<p><strong>1629<\/strong> Devastadora inundaci\u00f3n en Ciudad de M\u00e9xico, 27,000 muertos y grandes da\u00f1os.<\/p>\n<p>&nbsp;<\/p>\n<p><strong>1860<\/strong> Muere el fil\u00f3sofo alem\u00e1n Arthur Schopenhauer, una de las cumbres del idealismo occidental y el pesimismo profundo, cuya obra funciona como puente con la filosof\u00eda oriental, en especial con el budismo, tao\u00edsmo y vedanta. Es autor de \u00abEl mundo como voluntad y representaci\u00f3n\u00bb, entre otros textos. Nace el 22 de febrero de 1788.<\/p>\n<p>&nbsp;<\/p>\n<p><strong>1866<\/strong> \u00a0Nace el escritor, fil\u00f3sofo e historiador brit\u00e1nico H. G. Wells, famoso por sus novelas de ciencia ficci\u00f3n, la m\u00e1s conocida de ellas \u201cLa guerra de los mundos\u201d, que incluso ha sido llevada al cine. Muri\u00f3 el 13 de agosto de 1946.<\/p>\n<p>&nbsp;<\/p>\n<p><strong>1902<\/strong> Nace el poeta espa\u00f1ol Luis Cernuda, uno de los m\u00e1s destacados de la Generaci\u00f3n del 27. Es autor de ensayos literarios, algunos de ellos publicados en diversos diarios de M\u00e9xico, donde muere el 5 de noviembre de 1963.<\/p>\n<p>&nbsp;<\/p>\n<p><strong>1903<\/strong> Nace el poeta mexicano Jorge Cuesta, considerado el \u00fanico escritor mexicano con leyenda que pertenece al llamado grupo de \u201cLos Contempor\u00e1neos\u201d. El 80 por ciento de su obra est\u00e1 escrito en torno a la problem\u00e1tica de su pa\u00eds. Muere el 13 de agosto de 1942.<\/p>\n<p>&nbsp;<\/p>\n<p><strong>1910<\/strong> en M\u00e9xico se funda la UNAM (Universidad Nacional Aut\u00f3noma de M\u00e9xico)<\/p>\n<p>&nbsp;<\/p>\n<p><strong>1918<\/strong> Nace el escritor mexicano Juan Jos\u00e9 Arreola, quien junto con Juan Rulfo es uno de los autores m\u00e1s influyentes de la literatura de su pa\u00eds durante el siglo XX. Es autor de obras como \u00abPalindroma\u00bb, \u00abVaria invenci\u00f3n\u00bb y \u00abConfabulario\u00bb. Muere el 3 de diciembre de 2001.<\/p>\n<p>&nbsp;<\/p>\n<p><strong>1930<\/strong> Johann Ostermeyer patenta su invento, el flash.<\/p>\n<p>&nbsp;<\/p>\n<p><strong>1947<\/strong> Nace el escritor estadounidense Stephen King, quien alcanza la fama internacional por sus novelas de terror, ubicadas entre los \u00abBestsellers\u00bb, construidas a base de una visi\u00f3n constante del mundo. Entre sus obras est\u00e1n \u00abEl resplandor\u00bb y \u00abOjos de fuego\u00bb.<\/p>\n<p>&nbsp;<\/p>\n<p><strong>1937<\/strong> En Londres, J. R. R. Tolkien publica su famosa novela El hobbit.<\/p>\n<p>&nbsp;<\/p>\n<p><strong>1998<\/strong> Bill Clinton testifica ante el Gran Jurado estadounidense sobre sus relaciones con Monica Lewinsky.<\/p>\n","protected":false},"excerpt":{"rendered":"<p>&nbsp; 1551 Por C\u00e9dula Real, Felipe II, regente del reino en ausencia temporal de su padre, el rey Carlos V, ordena la creaci\u00f3n de la Real Universidad de M\u00e9xico, la cual se inaugura en enero de 1553. &nbsp; 1629 Devastadora inundaci\u00f3n en Ciudad de M\u00e9xico, 27,000 muertos y grandes da\u00f1os. &nbsp; 1860 Muere el fil\u00f3sofo &hellip; <\/p>\n<p><a class=\"more-link btn\" href=\"https:\/\/lamendigapolitica.com\/?p=41283\">Seguir leyendo<\/a><\/p>\n","protected":false},"author":1,"featured_media":0,"comment_status":"open","ping_status":"closed","sticky":false,"template":"","format":"standard","meta":{"footnotes":""},"categories":[26,20,31,22],"tags":[],"class_list":["post-41283","post","type-post","status-publish","format-standard","hentry","category-cultura","category-gobierno","category-internacional","category-sociales","item-wrap"],"_links":{"self":[{"href":"https:\/\/lamendigapolitica.com\/index.php?rest_route=\/wp\/v2\/posts\/41283","targetHints":{"allow":["GET"]}}],"collection":[{"href":"https:\/\/lamendigapolitica.com\/index.php?rest_route=\/wp\/v2\/posts"}],"about":[{"href":"https:\/\/lamendigapolitica.com\/index.php?rest_route=\/wp\/v2\/types\/post"}],"author":[{"embeddable":true,"href":"https:\/\/lamendigapolitica.com\/index.php?rest_route=\/wp\/v2\/users\/1"}],"replies":[{"embeddable":true,"href":"https:\/\/lamendigapolitica.com\/index.php?rest_route=%2Fwp%2Fv2%2Fcomments&post=41283"}],"version-history":[{"count":3,"href":"https:\/\/lamendigapolitica.com\/index.php?rest_route=\/wp\/v2\/posts\/41283\/revisions"}],"predecessor-version":[{"id":41287,"href":"https:\/\/lamendigapolitica.com\/index.php?rest_route=\/wp\/v2\/posts\/41283\/revisions\/41287"}],"wp:attachment":[{"href":"https:\/\/lamendigapolitica.com\/index.php?rest_route=%2Fwp%2Fv2%2Fmedia&parent=41283"}],"wp:term":[{"taxonomy":"category","embeddable":true,"href":"https:\/\/lamendigapolitica.com\/index.php?rest_route=%2Fwp%2Fv2%2Fcategories&post=41283"},{"taxonomy":"post_tag","embeddable":true,"href":"https:\/\/lamendigapolitica.com\/index.php?rest_route=%2Fwp%2Fv2%2Ftags&post=41283"}],"curies":[{"name":"wp","href":"https:\/\/api.w.org\/{rel}","templated":true}]}}