{"id":41262,"date":"2016-09-20T18:31:55","date_gmt":"2016-09-20T23:31:55","guid":{"rendered":"http:\/\/lamendigapolitica.com\/blog\/?p=41262"},"modified":"2016-09-20T18:31:55","modified_gmt":"2016-09-20T23:31:55","slug":"presenta-mc-iniciativa-de-reforma-a-ley-para-obra-publica","status":"publish","type":"post","link":"https:\/\/lamendigapolitica.com\/?p=41262","title":{"rendered":"Presenta MC Iniciativa de Reforma a Ley para Obra P\u00fablica"},"content":{"rendered":"<p><a href=\"https:\/\/lamendigapolitica.com\/blog\/blog\/wp-content\/uploads\/2016\/09\/ismael.jpg\" rel=\"attachment wp-att-41263\"><img loading=\"lazy\" decoding=\"async\" class=\"aligncenter  wp-image-41263\" src=\"https:\/\/lamendigapolitica.com\/blog\/blog\/wp-content\/uploads\/2016\/09\/ismael.jpg\" alt=\"ismael\" width=\"389\" height=\"259\" srcset=\"https:\/\/lamendigapolitica.com\/wp-content\/uploads\/2016\/09\/ismael.jpg 1024w, https:\/\/lamendigapolitica.com\/wp-content\/uploads\/2016\/09\/ismael-300x200.jpg 300w, https:\/\/lamendigapolitica.com\/wp-content\/uploads\/2016\/09\/ismael-768x512.jpg 768w\" sizes=\"auto, (max-width: 389px) 100vw, 389px\" \/><\/a><\/p>\n<p>&nbsp;<\/p>\n<p>A fin de poner un candado al tema de los \u201cmoches\u201d en materia de obra p\u00fablica en Jalisco, la Fracci\u00f3n Parlamentaria de Movimiento Ciudadano una reforma que regular\u00e1 la contrataci\u00f3n de obra p\u00fablica, y evitar as\u00ed el da\u00f1o al erario p\u00fablico y la vulneraci\u00f3n de las instituciones, y el estado de derecho ..<\/p>\n<p>&nbsp;<\/p>\n<p>El coordinador de la fracci\u00f3n naranja, \u00a0Ismael Del Toro, present\u00f3 este martes una Iniciativa de Reforma a la Ley de Obra P\u00fablica del Estado de Jalisco quien destaco entre las caracter\u00edsticas de\u00a0 la misma \u00a0destac\u00f3 que uno de sus puntos fundamentales es la denuncia an\u00f3nima, \u201ctambi\u00e9n estaremos instando mediante un Acuerdo Legislativo para que la contralor\u00eda no encuentre pretexto y realmente realice las investigaciones y podamos tener claridad de qu\u00e9 significa esta red de corrupci\u00f3n, que por lo dicho se cobra el 30 por ciento en la obra p\u00fablica del Estado\u201d.<\/p>\n<p>&nbsp;<\/p>\n<p>Plante\u00f3 que esta Iniciativa que reforma la Ley de Obras P\u00fablicas armonizar\u00e1 con la Ley de Compras Gubernamentales, misma que ya ingres\u00f3 a primera lectura en el Pleno del Congreso, y en la que se propone atender la siguiente, \u00a0problem\u00e1ticas como Ineficiencia, Corrupci\u00f3n, Discrecionalidad, Inequidad y Econom\u00eda.<\/p>\n<p>&nbsp;<\/p>\n<p>Entre los aspectos de la iniciativa destaca el establecimiento de Eliminar la discrecionalidad en la asignaci\u00f3n de contratos de obra p\u00fablica, as\u00ed como se eliminan las invitaciones restringidas y a tres proveedores, que son procedimientos de concurso que adem\u00e1s de propiciar la discrecionalidad, cual limita e inhibe el desarrollo del sector. La modificaci\u00f3n al sistema de contrataci\u00f3n dando prelaci\u00f3n a la licitaci\u00f3n p\u00fablica, asignaci\u00f3n por insaculaci\u00f3n y asignaci\u00f3n directa en sus casos de excepci\u00f3n y topes de valor de contrato y actividad.<\/p>\n<p>&nbsp;<\/p>\n<p>Se establece la insaculaci\u00f3n como mecanismo de asignaci\u00f3n de obra p\u00fablica para evitar favoritismos e incentivar a la industria de la construcci\u00f3n , lo mismo que la implementaci\u00f3n del Sistema Electr\u00f3nico de Compras Gubernamentales y Contrataci\u00f3n de Obra P\u00fablica como plataforma \u00fanica para la contrataci\u00f3n y asignaci\u00f3n de obra y proyectos.<\/p>\n<p>&nbsp;<\/p>\n<p>Igualmente con esta nueva legislaci\u00f3n se evita el contacto directo entre funcionarios y contratistas. Registro con clave \u00fanica para contratistas, que ser\u00e1 administrada por la SEPAF, no por la SIOP, y que se trasparentar\u00e1 en el Sistema Electr\u00f3nico de Compras Gubernamentales y Contrataci\u00f3n de Obra P\u00fablica. Este registro ser\u00e1 auditado permanentemente por las instituciones integrantes del sistema estatal anticorrupci\u00f3n y los \u00f3rganos de control interno de los entes gubernamentales. Adem\u00e1s de la propia ciudadan\u00eda, para acabar con las empresas fantasmas.<\/p>\n","protected":false},"excerpt":{"rendered":"<p>&nbsp; A fin de poner un candado al tema de los \u201cmoches\u201d en materia de obra p\u00fablica en Jalisco, la Fracci\u00f3n Parlamentaria de Movimiento Ciudadano una reforma que regular\u00e1 la contrataci\u00f3n de obra p\u00fablica, y evitar as\u00ed el da\u00f1o al erario p\u00fablico y la vulneraci\u00f3n de las instituciones, y el estado de derecho .. &nbsp; &hellip; <\/p>\n<p><a class=\"more-link btn\" href=\"https:\/\/lamendigapolitica.com\/?p=41262\">Seguir leyendo<\/a><\/p>\n","protected":false},"author":1,"featured_media":0,"comment_status":"open","ping_status":"closed","sticky":false,"template":"","format":"standard","meta":{"footnotes":""},"categories":[6,20,5,3],"tags":[],"class_list":["post-41262","post","type-post","status-publish","format-standard","hentry","category-congreso","category-gobierno","category-partidos","category-politica","item-wrap"],"_links":{"self":[{"href":"https:\/\/lamendigapolitica.com\/index.php?rest_route=\/wp\/v2\/posts\/41262","targetHints":{"allow":["GET"]}}],"collection":[{"href":"https:\/\/lamendigapolitica.com\/index.php?rest_route=\/wp\/v2\/posts"}],"about":[{"href":"https:\/\/lamendigapolitica.com\/index.php?rest_route=\/wp\/v2\/types\/post"}],"author":[{"embeddable":true,"href":"https:\/\/lamendigapolitica.com\/index.php?rest_route=\/wp\/v2\/users\/1"}],"replies":[{"embeddable":true,"href":"https:\/\/lamendigapolitica.com\/index.php?rest_route=%2Fwp%2Fv2%2Fcomments&post=41262"}],"version-history":[{"count":1,"href":"https:\/\/lamendigapolitica.com\/index.php?rest_route=\/wp\/v2\/posts\/41262\/revisions"}],"predecessor-version":[{"id":41264,"href":"https:\/\/lamendigapolitica.com\/index.php?rest_route=\/wp\/v2\/posts\/41262\/revisions\/41264"}],"wp:attachment":[{"href":"https:\/\/lamendigapolitica.com\/index.php?rest_route=%2Fwp%2Fv2%2Fmedia&parent=41262"}],"wp:term":[{"taxonomy":"category","embeddable":true,"href":"https:\/\/lamendigapolitica.com\/index.php?rest_route=%2Fwp%2Fv2%2Fcategories&post=41262"},{"taxonomy":"post_tag","embeddable":true,"href":"https:\/\/lamendigapolitica.com\/index.php?rest_route=%2Fwp%2Fv2%2Ftags&post=41262"}],"curies":[{"name":"wp","href":"https:\/\/api.w.org\/{rel}","templated":true}]}}